{"id":66054,"date":"2025-06-02T20:58:11","date_gmt":"2025-06-03T03:58:11","guid":{"rendered":"https:\/\/elpajaritonews.com\/?p=66054"},"modified":"2025-06-02T20:58:13","modified_gmt":"2025-06-03T03:58:13","slug":"sonora-vive-jornada-electoral-inedita-ciudadania-elige-por-primera-vez-a-integrantes-del-poder-judicial-iee-sonora","status":"publish","type":"post","link":"https:\/\/elpajaritonews.com\/?p=66054","title":{"rendered":"SONORA VIVE JORNADA ELECTORAL IN\u00c9DITA: CIUDADAN\u00cdA ELIGE POR PRIMERA VEZ A INTEGRANTES DEL PODER JUDICIAL : IEE SONORA"},"content":{"rendered":"\n<p class=\"wp-block-paragraph\">En sesi\u00f3n permanente clausurada este d\u00eda, el Consejo General del Instituto Estatal Electoral y de Participaci\u00f3n Ciudadana de Sonora (IEE Sonora) dio puntual seguimiento al desarrollo de la jornada electoral del 1 de junio, en la que la ciudadan\u00eda vot\u00f3 para elegir, por primera vez, a quienes integrar\u00e1n el Poder Judicial del Estado.<\/p>\n\n\n\n<p class=\"wp-block-paragraph\">Desde temprana hora, las y los consejeros electorales monitorearon la instalaci\u00f3n de casillas, atenci\u00f3n de incidentes y el cumplimiento de cada fase del proceso electoral. La jornada electoral transcurri\u00f3 con la instalaci\u00f3n de las mil 937 casillas proyectadas en los 72 municipios del estado.<\/p>\n\n\n\n<p class=\"wp-block-paragraph\">El consejero presidente, Nery Ruiz Arvizu, inform\u00f3 que se reportaron un total de 73 incidencias, la mayor\u00eda relacionadas con condiciones climatol\u00f3gicas adversas o la ausencia inicial del funcionariado de casilla, todas resueltas oportunamente sin afectar el desarrollo de la jornada electoral.<\/p>\n\n\n\n<p class=\"wp-block-paragraph\">En el transcurso de la sesi\u00f3n, la Secretar\u00eda Ejecutiva present\u00f3 al Consejo General informes fundamentales para la certeza del proceso. Entre ellos, destac\u00f3 el reporte sobre el inicio de sesi\u00f3n permanente en los Consejos Municipales Electorales, el seguimiento en tiempo real del Sistema de Informaci\u00f3n del Instituto Nacional Electoral (INE), sobre la instalaci\u00f3n de casillas, adem\u00e1s, el informe sobre la primera y segunda verificaci\u00f3n de las medidas de seguridad en las boletas y actas electorales.<\/p>\n\n\n\n<p class=\"wp-block-paragraph\">De la verificaci\u00f3n de las medidas de seguridad, realizadas conforme a lo establecido en el Acuerdo CG80\/2025; no se presentaron observaciones ya que en la totalidad se cumpli\u00f3 con las medidas de seguridad que ten\u00edan que ser revisadas, lo que demuestra la autenticidad de las boletas y actas electorales, detalla el informe.<\/p>\n\n\n\n<p class=\"wp-block-paragraph\">En la sesi\u00f3n de este d\u00eda, se present\u00f3 adem\u00e1s, el informe de seguimiento a la recepci\u00f3n de paquetes electorales, al t\u00e9rmino de la jornada electoral en los Consejos Municipales Electorales y Oficinas Municipales, lo que ocurri\u00f3 al cierre de casillas, para iniciar con el c\u00f3mputo de los votos, conforme a los lineamientos de c\u00f3mputo aprobados por el Consejo General.<\/p>\n\n\n\n<p class=\"wp-block-paragraph\">De acuerdo con la normatividad electoral, el IEE Sonora estima que los c\u00f3mputos parciales de la elecci\u00f3n extraordinaria concluir\u00e1, dentro del plazo legal de 28 horas posteriores al cierre de casillas. Una vez finalizado, se proceder\u00e1 por parte del Consejo General, a realizar la sumatoria y c\u00f3mputo total, la declaratoria de validez de los 50 cargos y la entrega de las constancias de mayor\u00eda correspondientes.<\/p>\n\n\n\n<p class=\"wp-block-paragraph\">La ciudadan\u00eda sonorense puede seguir en tiempo real el desarrollo de los c\u00f3mputos a trav\u00e9s del sitio web: https:\/\/computosieesonora.org.mx\/<\/p>\n\n\n\n<p class=\"wp-block-paragraph\">El IEE Sonora reconoce y agradece el compromiso de todas las personas que hicieron posible esta jornada electoral hist\u00f3rica, refrendando su misi\u00f3n de fortalecer la democracia y la confianza ciudadana en las instituciones.<\/p>\n\n\n\n<p class=\"wp-block-paragraph\">Presentes en la sesi\u00f3n el consejero presidente, Nery Ruiz Arvizu, las consejeras electorales Alma Lorena Alonso Valdivia, Flor Terecita Barcel\u00f3 Noriega, Linda Viridiana Calder\u00f3n Monta\u00f1o; los consejeros electorales, Benjam\u00edn Hern\u00e1ndez Avalos, Wilfredo Rom\u00e1n Morales Silva y Jaime Olea Miranda, as\u00ed como el secretario ejecutivo, Fernando Chapetti Siordia.<\/p>\n\n\n\n<p class=\"wp-block-paragraph\">ELLOS Y ELLAS SER\u00cdAN LOS NUEVOS MAGISTRADOS DEL TRIBUNAL DE DISCIPLINA JUDICIAL #Sonora<\/p>\n\n\n\n<p class=\"wp-block-paragraph\">Con 92.30% de las actas capturadas y una participaci\u00f3n ciudadana del 9.06%, estos son los perfiles que resultar\u00edan ganadores de la #Elecci\u00f3nJudicial y formar\u00edan el Tribunal de Disciplina Judicial en el estado.<\/p>\n\n\n\n<p class=\"wp-block-paragraph\">\u27a1\ufe0f Candidatas:<\/p>\n\n\n\n<ol class=\"wp-block-list\">\n<li>Marina Guadalupe Mar\u00edn G\u00f3mez (86,341) &#8211; 18.50%<\/li>\n\n\n\n<li>Lydia Gabriela Zepeda Maz\u00f3n (71,886) &#8211; 15.40%<\/li>\n\n\n\n<li>Dinorah Jocelyn Vega Orozco (68,628) &#8211; 14.70%<\/li>\n<\/ol>\n\n\n\n<p class=\"wp-block-paragraph\">\u27a1\ufe0f Candidatos:<\/p>\n\n\n\n<ol class=\"wp-block-list\">\n<li>Daniel Humberto Acedo Fimbres (69,767) &#8211; 22.73%<\/li>\n\n\n\n<li>Darb\u00e9 L\u00f3pez Mend\u00edvil (64,198) &#8211; 20.92%<\/li>\n<\/ol>\n\n\n\n<p class=\"wp-block-paragraph\">\u2139\ufe0f Los sonorenses pudieron votar por 3 mujeres y 2 hombres en la boleta<\/p>\n","protected":false},"excerpt":{"rendered":"<p>En sesi\u00f3n permanente clausurada este d\u00eda, el Consejo General del Instituto Estatal Electoral y de Participaci\u00f3n Ciudadana de Sonora (IEE Sonora) dio puntual seguimiento al desarrollo de la jornada electoral del 1 de junio, en la que la ciudadan\u00eda vot\u00f3 para elegir, por primera vez, a quienes integrar\u00e1n el Poder Judicial del Estado. Desde temprana&#8230;<\/p>\n","protected":false},"author":2,"featured_media":66055,"comment_status":"closed","ping_status":"closed","sticky":false,"template":"","format":"standard","meta":{"_crdt_document":"","_exactmetrics_skip_tracking":false,"_exactmetrics_sitenote_active":false,"_exactmetrics_sitenote_note":"","_exactmetrics_sitenote_category":0,"footnotes":""},"categories":[88,26,82,31,1,27,69],"tags":[71,74,75,30],"class_list":["post-66054","post","type-post","status-publish","format-standard","has-post-thumbnail","hentry","category-justicia","category-local","category-poder-judicial","category-politica","category-seguridad","category-sonora","category-ultimas-noticias","tag-alfonso-durazo","tag-hermosillo","tag-seguridad-publica","tag-sonora-tierra-de-oportunidades"],"_links":{"self":[{"href":"https:\/\/elpajaritonews.com\/index.php?rest_route=\/wp\/v2\/posts\/66054","targetHints":{"allow":["GET"]}}],"collection":[{"href":"https:\/\/elpajaritonews.com\/index.php?rest_route=\/wp\/v2\/posts"}],"about":[{"href":"https:\/\/elpajaritonews.com\/index.php?rest_route=\/wp\/v2\/types\/post"}],"author":[{"embeddable":true,"href":"https:\/\/elpajaritonews.com\/index.php?rest_route=\/wp\/v2\/users\/2"}],"replies":[{"embeddable":true,"href":"https:\/\/elpajaritonews.com\/index.php?rest_route=%2Fwp%2Fv2%2Fcomments&post=66054"}],"version-history":[{"count":1,"href":"https:\/\/elpajaritonews.com\/index.php?rest_route=\/wp\/v2\/posts\/66054\/revisions"}],"predecessor-version":[{"id":66056,"href":"https:\/\/elpajaritonews.com\/index.php?rest_route=\/wp\/v2\/posts\/66054\/revisions\/66056"}],"wp:featuredmedia":[{"embeddable":true,"href":"https:\/\/elpajaritonews.com\/index.php?rest_route=\/wp\/v2\/media\/66055"}],"wp:attachment":[{"href":"https:\/\/elpajaritonews.com\/index.php?rest_route=%2Fwp%2Fv2%2Fmedia&parent=66054"}],"wp:term":[{"taxonomy":"category","embeddable":true,"href":"https:\/\/elpajaritonews.com\/index.php?rest_route=%2Fwp%2Fv2%2Fcategories&post=66054"},{"taxonomy":"post_tag","embeddable":true,"href":"https:\/\/elpajaritonews.com\/index.php?rest_route=%2Fwp%2Fv2%2Ftags&post=66054"}],"curies":[{"name":"wp","href":"https:\/\/api.w.org\/{rel}","templated":true}]}}