{"id":66060,"date":"2025-06-03T16:19:01","date_gmt":"2025-06-03T23:19:01","guid":{"rendered":"https:\/\/elpajaritonews.com\/?p=66060"},"modified":"2025-06-03T16:19:04","modified_gmt":"2025-06-03T23:19:04","slug":"gobernador-durazo-cumple-a-familias-hermosillenses-jornada-gratuita-de-sonora-atiende-llega-a-la-nuevo-hermosillo","status":"publish","type":"post","link":"https:\/\/elpajaritonews.com\/?p=66060","title":{"rendered":"GOBERNADOR DURAZO CUMPLE A FAMILIAS HERMOSILLENSES; JORNADA GRATUITA DE \u201cSONORA ATIENDE\u201d LLEGA A LA NUEVO HERMOSILLO"},"content":{"rendered":"\n<p class=\"wp-block-paragraph\">En su segunda semana de servicios gratuitos, la jornada \u201cSonora Atiende\u201d, impulsada por el gobernador Alfonso Durazo Monta\u00f1o, lleg\u00f3 a la colonia Nuevo Hermosillo donde cientos de ciudadanos pudieron hacer sus tr\u00e1mites en los m\u00f3dulos de cada una de las dependencias para obtener respuesta a sus peticiones.<\/p>\n\n\n\n<p class=\"wp-block-paragraph\">En esta ocasi\u00f3n se ofrecieron servicios de registro civil; juventud y deporte; educaci\u00f3n y trabajo; desarrollo y asistencia; protecci\u00f3n animal; salud y bienestar; medio ambiente y vivienda, con asesor\u00eda y documentaci\u00f3n gratuita.<\/p>\n\n\n\n<p class=\"wp-block-paragraph\">Jorge Armando Ochoa se acerc\u00f3 a la feria de servicios \u201cSonora Atiende\u201d para solicitar informaci\u00f3n de vivienda, sin necesidad de trasladarse hasta las oficinas gubernamentales.<\/p>\n\n\n\n<p class=\"wp-block-paragraph\">\u201cEst\u00e1 muy bien, yo ahorita no ocupo mucho, pero si un tr\u00e1mite en particular que para m\u00ed es muy importante es el de las casas, nada m\u00e1s ven\u00eda por los servicios de las casas y me atendieron muy bien\u201d, coment\u00f3.<\/p>\n\n\n\n<p class=\"wp-block-paragraph\">Juan de Dios Luna Guti\u00e9rrez visit\u00f3 la feria de servicios celebrada en la colonia Nuevo Hermosillo para solicitar de forma gratuita unos lentes y para pedir informaci\u00f3n de vacantes de empleo.<\/p>\n\n\n\n<p class=\"wp-block-paragraph\">\u201cLa verdad me parece muy bien, porque como todos sabemos es muy tardado, simplemente andar agarrando camiones, me parece muy bien, m\u00e1s para la gente que se le dificulta m\u00e1s trasladarse\u201d, se\u00f1al\u00f3.<\/p>\n\n\n\n<p class=\"wp-block-paragraph\">La se\u00f1ora Arminda Ochoa visit\u00f3 el m\u00f3dulo de salud para dar seguimiento a su padecimiento de diabetes, en donde la recibieron con la mejor atenci\u00f3n y de calidad.<\/p>\n\n\n\n<p class=\"wp-block-paragraph\">\u201cMucha gente, m\u00e1s ahorita que hace calor, mucha gente no acude, y est\u00e1 bien que lo hagan\u201d, dijo.<\/p>\n\n\n\n<p class=\"wp-block-paragraph\">En esta feria de servicios, estuvieron presentes Ricardo Araiza Celaya, subsecretario de Servicios de Gobierno; Antonio Gallardo, coordinador ejecutivo de la Comisi\u00f3n Estatal de Bienes y Concesiones; Carolina Araiza, directora general de Protecci\u00f3n y Bienestar Animal; F\u00e9lix Higuera Romero, director de Atenci\u00f3n a Personas con Discapacidad del sistema DIF Sonora; Mar\u00eda Engracia Carrazco Valenzuela, directora general del Instituto Sonorense de Educaci\u00f3n para los Adultos (ISEA) y Pedro Fontes Ortiz, director general de la Comisi\u00f3n de Vivienda del Estado de Sonora (COVES).<\/p>\n","protected":false},"excerpt":{"rendered":"<p>En su segunda semana de servicios gratuitos, la jornada \u201cSonora Atiende\u201d, impulsada por el gobernador Alfonso Durazo Monta\u00f1o, lleg\u00f3 a la colonia Nuevo Hermosillo donde cientos de ciudadanos pudieron hacer sus tr\u00e1mites en los m\u00f3dulos de cada una de las dependencias para obtener respuesta a sus peticiones. En esta ocasi\u00f3n se ofrecieron servicios de registro&#8230;<\/p>\n","protected":false},"author":2,"featured_media":66061,"comment_status":"closed","ping_status":"closed","sticky":false,"template":"","format":"standard","meta":{"_crdt_document":"","_exactmetrics_skip_tracking":false,"_exactmetrics_sitenote_active":false,"_exactmetrics_sitenote_note":"","_exactmetrics_sitenote_category":0,"footnotes":""},"categories":[80,26,31,32,1,27,69],"tags":[71,72,74,28,75,30],"class_list":["post-66060","post","type-post","status-publish","format-standard","has-post-thumbnail","hentry","category-derechos-humanos","category-local","category-politica","category-salud","category-seguridad","category-sonora","category-ultimas-noticias","tag-alfonso-durazo","tag-claudia-sheinbaum","tag-hermosillo","tag-nogales","tag-seguridad-publica","tag-sonora-tierra-de-oportunidades"],"_links":{"self":[{"href":"https:\/\/elpajaritonews.com\/index.php?rest_route=\/wp\/v2\/posts\/66060","targetHints":{"allow":["GET"]}}],"collection":[{"href":"https:\/\/elpajaritonews.com\/index.php?rest_route=\/wp\/v2\/posts"}],"about":[{"href":"https:\/\/elpajaritonews.com\/index.php?rest_route=\/wp\/v2\/types\/post"}],"author":[{"embeddable":true,"href":"https:\/\/elpajaritonews.com\/index.php?rest_route=\/wp\/v2\/users\/2"}],"replies":[{"embeddable":true,"href":"https:\/\/elpajaritonews.com\/index.php?rest_route=%2Fwp%2Fv2%2Fcomments&post=66060"}],"version-history":[{"count":1,"href":"https:\/\/elpajaritonews.com\/index.php?rest_route=\/wp\/v2\/posts\/66060\/revisions"}],"predecessor-version":[{"id":66062,"href":"https:\/\/elpajaritonews.com\/index.php?rest_route=\/wp\/v2\/posts\/66060\/revisions\/66062"}],"wp:featuredmedia":[{"embeddable":true,"href":"https:\/\/elpajaritonews.com\/index.php?rest_route=\/wp\/v2\/media\/66061"}],"wp:attachment":[{"href":"https:\/\/elpajaritonews.com\/index.php?rest_route=%2Fwp%2Fv2%2Fmedia&parent=66060"}],"wp:term":[{"taxonomy":"category","embeddable":true,"href":"https:\/\/elpajaritonews.com\/index.php?rest_route=%2Fwp%2Fv2%2Fcategories&post=66060"},{"taxonomy":"post_tag","embeddable":true,"href":"https:\/\/elpajaritonews.com\/index.php?rest_route=%2Fwp%2Fv2%2Ftags&post=66060"}],"curies":[{"name":"wp","href":"https:\/\/api.w.org\/{rel}","templated":true}]}}