{"id":66070,"date":"2025-06-05T11:33:06","date_gmt":"2025-06-05T18:33:06","guid":{"rendered":"https:\/\/elpajaritonews.com\/?p=66070"},"modified":"2025-06-05T11:33:09","modified_gmt":"2025-06-05T18:33:09","slug":"abc-a-16-anos-de-la-tragedia-una-tragedia-sin-fin","status":"publish","type":"post","link":"https:\/\/elpajaritonews.com\/?p=66070","title":{"rendered":"ABC A 16 A\u00d1OS DE LA TRAGEDIA, UNA TRAGEDIA SIN FIN"},"content":{"rendered":"\n<p class=\"wp-block-paragraph\">Alejandro Matty Ortega<\/p>\n\n\n\n<p class=\"wp-block-paragraph\">El 5 de junio de 2009, la ciudad de Hermosillo se detuvo. Una bodega propiedad de la Secretar\u00eda de Hacienda estatal se incendi\u00f3 y, en cuesti\u00f3n de minutos, el fuego alcanz\u00f3 una guarder\u00eda subrogada por el IMSS: la Guarder\u00eda ABC. El resultado fue devastador: 49 ni\u00f1as y ni\u00f1os muertos, m\u00e1s de 80 heridos y un pa\u00eds marcado para siempre por el horror, la negligencia y la falla sist\u00e9mica del estado mexicano.<\/p>\n\n\n\n<p class=\"wp-block-paragraph\">Hoy, a 16 a\u00f1os de la tragedia, lo que deb\u00eda convertirse en un ejemplo de justicia efectiva se ha transformado en un emblema de impunidad institucional, una cicatriz abierta que las familias no han podido cerrar, no por falta de voluntad, sino por la omisi\u00f3n activa del sistema judicial mexicano.<\/p>\n\n\n\n<p class=\"wp-block-paragraph\">Una justicia aletargada<\/p>\n\n\n\n<p class=\"wp-block-paragraph\">La historia jur\u00eddica del caso ABC est\u00e1 escrita con amparos, apelaciones, tecnicismos y dilaciones. Lo que comenz\u00f3 como un proceso penal con 22 imputados, ha terminado con penas m\u00ednimas, evasi\u00f3n de sentencias y protecci\u00f3n institucional. De las 22 personas procesadas, s\u00f3lo nueve mantienen condenas activas, y \u00fanicamente una persona permanece en prisi\u00f3n: Noem\u00ed L\u00f3pez S\u00e1nchez, excoordinadora de guarder\u00edas del IMSS en Sonora.<\/p>\n\n\n\n<p class=\"wp-block-paragraph\">El resto de los responsables ha recibido penas menores a seis a\u00f1os, muchas con beneficios de prisi\u00f3n domiciliaria. Algunos, como Sandra Luc\u00eda T\u00e9llez Nieves \u2014una de las due\u00f1as de la guarder\u00eda\u2014 y Roberto Copado Guti\u00e9rrez \u2014exdirector de Protecci\u00f3n Civil\u2014, se encuentran pr\u00f3fugos desde hace a\u00f1os, con \u00f3rdenes de reaprehensi\u00f3n vigentes que nadie parece tener intenci\u00f3n de ejecutar.<\/p>\n\n\n\n<p class=\"wp-block-paragraph\">\u201cEntre amparos y apelaciones se prolongan los procesos, y la justicia simplemente no llega\u201d, lamenta Jos\u00e9 Francisco Garc\u00eda Quintana, padre de una v\u00edctima y presidente del Movimiento Ciudadano por la Justicia 5 de Junio.<\/p>\n\n\n\n<p class=\"wp-block-paragraph\">Un fallo judicial que reescribi\u00f3 la tragedia<\/p>\n\n\n\n<p class=\"wp-block-paragraph\">El punto de quiebre legal ocurri\u00f3 en 2021, cuando la Suprema Corte de Justicia de la Naci\u00f3n (SCJN) dictamin\u00f3 que la responsabilidad penal de varios implicados deb\u00eda calificarse como \u201cinvoluntaria\u201d. Esta interpretaci\u00f3n abri\u00f3 las puertas a una serie de reducciones de condenas, todas emitidas por un Tribunal Unitario entre abril y mayo de 2022.<\/p>\n\n\n\n<p class=\"wp-block-paragraph\">Como si fuera una pieza m\u00e1s del rompecabezas del olvido, el caso fue trasladado a tribunales en la Ciudad de M\u00e9xico, dificultando el seguimiento para las familias que residen en Sonora.<\/p>\n\n\n\n<p class=\"wp-block-paragraph\">\u201c\u00bfC\u00f3mo vamos a verificar desde Hermosillo que esas sentencias se cumplan en la CDMX?\u201d, cuestiona Patricia Duarte Franco, madre de Andr\u00e9s Alonso. \u201cEstamos hartos de discursos. Queremos hechos\u201d.<\/p>\n\n\n\n<p class=\"wp-block-paragraph\">Del Poder Judicial al poder pol\u00edtico: exigencia al nuevo gobierno<\/p>\n\n\n\n<p class=\"wp-block-paragraph\">Con la llegada de la presidenta Claudia Sheinbaum, las familias han renovado su exigencia de justicia. En un contexto de cambio pol\u00edtico, el Movimiento 5 de Junio lanza un mensaje claro: \u201cEste gobierno tiene la oportunidad \u2014y la obligaci\u00f3n\u2014 de corregir el rumbo\u201d.<\/p>\n\n\n\n<p class=\"wp-block-paragraph\">\u201cUna de las nuevas ministras se hace llamar la ministra del pueblo. Queremos que lo demuestre con hechos. El expediente ABC es una prueba moral para el nuevo gobierno\u201d, insiste Duarte Franco.<\/p>\n\n\n\n<p class=\"wp-block-paragraph\">Los padres tambi\u00e9n esperan que la presidenta acceda a reunirse con ellos pr\u00f3ximamente, no para una fotograf\u00eda simb\u00f3lica, sino para impulsar acciones concretas que garanticen justicia real.<\/p>\n\n\n\n<p class=\"wp-block-paragraph\">Una causa internacional, una verg\u00fcenza nacional<\/p>\n\n\n\n<p class=\"wp-block-paragraph\">La decepci\u00f3n ante el sistema judicial nacional llev\u00f3 a las familias a tocar las puertas de la justicia internacional. En 2020, la Comisi\u00f3n Interamericana de Derechos Humanos (CIDH) admiti\u00f3 el caso, y actualmente se encuentra en la etapa de an\u00e1lisis de fondo, investigando si el Estado mexicano incurri\u00f3 en violaciones a derechos humanos.<\/p>\n\n\n\n<p class=\"wp-block-paragraph\">\u201cEl Estado responde con evasivas y promesas de investigaciones internas, pero la realidad es que s\u00f3lo est\u00e1 encubriendo su responsabilidad\u201d, se\u00f1ala Garc\u00eda Quintana.<\/p>\n\n\n\n<p class=\"wp-block-paragraph\">Los sobrevivientes invisibles<\/p>\n\n\n\n<p class=\"wp-block-paragraph\">Adem\u00e1s de los 49 ni\u00f1os fallecidos, m\u00e1s de 80 menores sobrevivieron. Muchos de ellos padecen secuelas pulmonares, psicol\u00f3gicas o neurol\u00f3gicas. Pero ni siquiera ellos han escapado de la negligencia institucional. El IMSS no los ha reconocido oficialmente como v\u00edctimas, lo que podr\u00eda afectar su derecho a tratamientos a largo plazo.<\/p>\n\n\n\n<p class=\"wp-block-paragraph\">\u201cMi hija Laura Fernanda vive con da\u00f1o pulmonar comprobado, pero como no era visible en un inicio, el IMSS no la reconoce como v\u00edctima. Eso es inhumano\u201d, denuncia Fabiola Dom\u00ednguez, madre de una de las ni\u00f1as sobrevivientes.<\/p>\n\n\n\n<p class=\"wp-block-paragraph\">El incendio de la Guarder\u00eda ABC fue, en su origen, una tragedia anunciada. Las instalaciones no cumpl\u00edan con las normas m\u00ednimas de seguridad; la bodega contigua acumulaba papeler\u00eda y materiales inflamables sin control; las rutas de evacuaci\u00f3n eran insuficientes; y los protocolos de protecci\u00f3n civil, inexistentes.<\/p>\n\n\n\n<p class=\"wp-block-paragraph\">Pero lo que debi\u00f3 ser corregido con verdad y justicia, se transform\u00f3 en un caso paradigm\u00e1tico de c\u00f3mo las redes de poder protegen a sus integrantes, a\u00fan a costa del dolor de familias enteras.<\/p>\n\n\n\n<p class=\"wp-block-paragraph\">Reducci\u00f3n de sentencias:&nbsp;<\/p>\n\n\n\n<p class=\"wp-block-paragraph\">El n\u00famero de sentenciados baj\u00f3 de 22 a 9. Las condenas, que deb\u00edan ser de al menos 20 a\u00f1os, se redujeron a entre 4 y 6 a\u00f1os. Solo Noem\u00ed L\u00f3pez S\u00e1nchez est\u00e1 actualmente en prisi\u00f3n.<\/p>\n\n\n\n<p class=\"wp-block-paragraph\">T\u00e1cticas judiciales y dilaciones:&nbsp;<\/p>\n\n\n\n<p class=\"wp-block-paragraph\">Las familias acusan al Poder Judicial de favorecer a los responsables con t\u00e1cticas dilatorias y trasladar el caso a juzgados de la CDMX, lo que dificulta su seguimiento desde Hermosillo.<\/p>\n\n\n\n<p class=\"wp-block-paragraph\">Falta de reconocimiento a sobrevivientes:&nbsp;<\/p>\n\n\n\n<p class=\"wp-block-paragraph\">82 ni\u00f1os que sobrevivieron con secuelas pulmonares no han sido reconocidos como v\u00edctimas, a pesar de tener diagn\u00f3sticos m\u00e9dicos oficiales del IMSS.<\/p>\n\n\n\n<p class=\"wp-block-paragraph\">Caso ante la CIDH:&nbsp;<\/p>\n\n\n\n<p class=\"wp-block-paragraph\">El caso permanece en la etapa de \u201cfondo\u201d en la Comisi\u00f3n Interamericana de Derechos Humanos, que eval\u00faa si hubo violaciones graves por parte del Estado mexicano.<\/p>\n\n\n\n<p class=\"wp-block-paragraph\">Cr\u00edticas a las autoridades:&nbsp;<\/p>\n\n\n\n<p class=\"wp-block-paragraph\">Padres de v\u00edctimas responsabilizan a la FGR, al IMSS y al Poder Judicial por la continuidad de la impunidad. Reclaman intervenci\u00f3n directa del nuevo gobierno federal y de la presidenta Claudia Sheinbaum.<\/p>\n\n\n\n<p class=\"wp-block-paragraph\">Condenas actuales m\u00e1s relevantes:<\/p>\n\n\n\n<p class=\"wp-block-paragraph\">Sandra Luc\u00eda T\u00e9llez y Antonio Salido Su\u00e1rez (due\u00f1os de la guarder\u00eda): 5 a\u00f1os y 7 meses.<\/p>\n\n\n\n<p class=\"wp-block-paragraph\">Arturo C\u00e9sar Leyva Liz\u00e1rraga (exdelegado del IMSS): condena cumplida en su domicilio.<\/p>\n\n\n\n<p class=\"wp-block-paragraph\">Noem\u00ed L\u00f3pez S\u00e1nchez (exjefa de Guarder\u00edas del IMSS Sonora): \u00danica interna, con 8 a\u00f1os y 10 meses de prisi\u00f3n.<\/p>\n\n\n\n<p class=\"wp-block-paragraph\">A 16 a\u00f1os de la tragedia, el caso ABC representa uno de los ejemplos m\u00e1s claros de impunidad en M\u00e9xico y las v\u00edctimas, tanto fallecidas como sobrevivientes, siguen esperando justicia.&nbsp;<\/p>\n\n\n\n<p class=\"wp-block-paragraph\">En tanto, las familias, agrupadas en colectivos como el Movimiento 5 de Junio, llaman a las autoridades a dejar de proteger a los responsables y a ejecutar las sentencias pendientes.<\/p>\n\n\n\n<p class=\"wp-block-paragraph\">La memoria como resistencia<\/p>\n\n\n\n<p class=\"wp-block-paragraph\">Diecis\u00e9is a\u00f1os despu\u00e9s, Hermosillo sigue recordando.&nbsp;<\/p>\n\n\n\n<p class=\"wp-block-paragraph\">Cada 5 de junio, las calles se llenan de veladoras, fotograf\u00edas, gritos de justicia. Las madres y padres del Movimiento 5 de Junio no han cesado en su lucha, no por venganza, sino porque la vida de sus hijos merece justicia, no olvido.<\/p>\n\n\n\n<p class=\"wp-block-paragraph\">\u201cEl dolor sigue, y lo que m\u00e1s nos duele es la indiferencia institucional. Seguimos aqu\u00ed, y no vamos a rendirnos\u201d, sentencia Patricia Duarte.<\/p>\n\n\n\n<p class=\"wp-block-paragraph\">El expediente de la Guarder\u00eda ABC no est\u00e1 cerrado. Sigue abierto en los tribunales, en la CIDH, en los pulmones de los ni\u00f1os que sobrevivieron, en las calles de Hermosillo, en la conciencia de un pa\u00eds que no puede -ni debe- olvidar.<\/p>\n\n\n\n<p class=\"wp-block-paragraph\">Porque 49 ni\u00f1os no murieron:&nbsp;<\/p>\n\n\n\n<p class=\"wp-block-paragraph\">Los mat\u00f3 el sistema y el sistema, sigue libre.<\/p>\n","protected":false},"excerpt":{"rendered":"<p>Alejandro Matty Ortega El 5 de junio de 2009, la ciudad de Hermosillo se detuvo. Una bodega propiedad de la Secretar\u00eda de Hacienda estatal se incendi\u00f3 y, en cuesti\u00f3n de minutos, el fuego alcanz\u00f3 una guarder\u00eda subrogada por el IMSS: la Guarder\u00eda ABC. El resultado fue devastador: 49 ni\u00f1as y ni\u00f1os muertos, m\u00e1s de 80&#8230;<\/p>\n","protected":false},"author":2,"featured_media":66071,"comment_status":"closed","ping_status":"closed","sticky":false,"template":"","format":"standard","meta":{"_crdt_document":"","_exactmetrics_skip_tracking":false,"_exactmetrics_sitenote_active":false,"_exactmetrics_sitenote_note":"","_exactmetrics_sitenote_category":0,"footnotes":""},"categories":[80,88,23,82,31,1,27,69],"tags":[71,72,74,75],"class_list":["post-66070","post","type-post","status-publish","format-standard","has-post-thumbnail","hentry","category-derechos-humanos","category-justicia","category-mexico","category-poder-judicial","category-politica","category-seguridad","category-sonora","category-ultimas-noticias","tag-alfonso-durazo","tag-claudia-sheinbaum","tag-hermosillo","tag-seguridad-publica"],"_links":{"self":[{"href":"https:\/\/elpajaritonews.com\/index.php?rest_route=\/wp\/v2\/posts\/66070","targetHints":{"allow":["GET"]}}],"collection":[{"href":"https:\/\/elpajaritonews.com\/index.php?rest_route=\/wp\/v2\/posts"}],"about":[{"href":"https:\/\/elpajaritonews.com\/index.php?rest_route=\/wp\/v2\/types\/post"}],"author":[{"embeddable":true,"href":"https:\/\/elpajaritonews.com\/index.php?rest_route=\/wp\/v2\/users\/2"}],"replies":[{"embeddable":true,"href":"https:\/\/elpajaritonews.com\/index.php?rest_route=%2Fwp%2Fv2%2Fcomments&post=66070"}],"version-history":[{"count":1,"href":"https:\/\/elpajaritonews.com\/index.php?rest_route=\/wp\/v2\/posts\/66070\/revisions"}],"predecessor-version":[{"id":66072,"href":"https:\/\/elpajaritonews.com\/index.php?rest_route=\/wp\/v2\/posts\/66070\/revisions\/66072"}],"wp:featuredmedia":[{"embeddable":true,"href":"https:\/\/elpajaritonews.com\/index.php?rest_route=\/wp\/v2\/media\/66071"}],"wp:attachment":[{"href":"https:\/\/elpajaritonews.com\/index.php?rest_route=%2Fwp%2Fv2%2Fmedia&parent=66070"}],"wp:term":[{"taxonomy":"category","embeddable":true,"href":"https:\/\/elpajaritonews.com\/index.php?rest_route=%2Fwp%2Fv2%2Fcategories&post=66070"},{"taxonomy":"post_tag","embeddable":true,"href":"https:\/\/elpajaritonews.com\/index.php?rest_route=%2Fwp%2Fv2%2Ftags&post=66070"}],"curies":[{"name":"wp","href":"https:\/\/api.w.org\/{rel}","templated":true}]}}