{"id":66098,"date":"2025-06-07T16:39:20","date_gmt":"2025-06-07T23:39:20","guid":{"rendered":"https:\/\/elpajaritonews.com\/?p=66098"},"modified":"2025-06-07T16:39:23","modified_gmt":"2025-06-07T23:39:23","slug":"hieren-a-bala-al-aspirante-presidencial-colombiano-de-derechas-miguel-uribe-turbay","status":"publish","type":"post","link":"https:\/\/elpajaritonews.com\/?p=66098","title":{"rendered":"HIEREN A BALA AL ASPIRANTE PRESIDENCIAL COLOMBIANO DE DERECHAS MIGUEL URIBE TURBAY"},"content":{"rendered":"\n<p class=\"wp-block-paragraph\">&nbsp;El pol\u00edtico colombiano Miguel Uribe Turbay, uno de los aspirantes presidenciales del partido uribista Centro Democr\u00e1tico, fue herido a bala este s\u00e1bado en un atentado durante un acto de campa\u00f1a en Bogot\u00e1, informaron medios locales.<\/p>\n\n\n\n<figure class=\"wp-block-image size-full is-resized\"><img loading=\"lazy\" decoding=\"async\" width=\"360\" height=\"203\" src=\"https:\/\/elpajaritonews.com\/wp-content\/uploads\/2025\/06\/Gs4D0ILW4AATRZA.jpg\" alt=\"\" class=\"wp-image-66100\" style=\"width:668px;height:auto\" srcset=\"https:\/\/elpajaritonews.com\/wp-content\/uploads\/2025\/06\/Gs4D0ILW4AATRZA.jpg 360w, https:\/\/elpajaritonews.com\/wp-content\/uploads\/2025\/06\/Gs4D0ILW4AATRZA-300x169.jpg 300w\" sizes=\"auto, (max-width: 360px) 100vw, 360px\" \/><\/figure>\n\n\n\n<p class=\"wp-block-paragraph\">El atentado fue perpetrado en el barrio Modelia, situado en el occidente de Bogot\u00e1 y el pol\u00edtico fue trasladado de urgencia a un hospital.<\/p>\n\n\n\n<p class=\"wp-block-paragraph\">Precandidatos presidenciales lamentan y rechazan el atentando contra Miguel Uribe Turbay<\/p>\n\n\n\n<p class=\"wp-block-paragraph\">A esta hora, se espera un pronunciamiento oficial por parte del Gobierno nacional sobre las circunstancias del atentado<\/p>\n\n\n\n<p class=\"wp-block-paragraph\">El atentado contra el precandidato Miguel Uribe sacudi\u00f3 el panorama pol\u00edtico nacional y gener\u00f3 una inmediata ola de reacciones por parte de distintos sectores. Figuras de todas las orillas expresaron su rechazo a la violencia y pidieron garant\u00edas para el ejercicio democr\u00e1tico en el pa\u00eds.<\/p>\n\n\n\n<p class=\"wp-block-paragraph\">Una de las primeras en pronunciarse fue la exalcaldesa de Bogot\u00e1 y tambi\u00e9n precandidata, Claudia L\u00f3pez, que a trav\u00e9s de sus redes sociales manifest\u00f3 su solidaridad: \u201cToda mi solidaridad con Miguel Uribe, su familia y seguidores. Condeno enf\u00e1ticamente todo acto de violencia y le exijo al gobierno garant\u00edas para todos. La polarizaci\u00f3n no es un juego. Oramos por su pronta recuperaci\u00f3n\u201d.<\/p>\n\n\n\n<p class=\"wp-block-paragraph\">Otros precandidatos tambi\u00e9n se sumaron al rechazo colectivo, se\u00f1alando la necesidad de reforzar las medidas de protecci\u00f3n y asegurar condiciones justas y seguras durante el proceso electoral.<\/p>\n","protected":false},"excerpt":{"rendered":"<p>&nbsp;El pol\u00edtico colombiano Miguel Uribe Turbay, uno de los aspirantes presidenciales del partido uribista Centro Democr\u00e1tico, fue herido a bala este s\u00e1bado en un atentado durante un acto de campa\u00f1a en Bogot\u00e1, informaron medios locales. El atentado fue perpetrado en el barrio Modelia, situado en el occidente de Bogot\u00e1 y el pol\u00edtico fue trasladado de&#8230;<\/p>\n","protected":false},"author":2,"featured_media":66099,"comment_status":"closed","ping_status":"closed","sticky":false,"template":"","format":"standard","meta":{"_crdt_document":"","_exactmetrics_skip_tracking":false,"_exactmetrics_sitenote_active":false,"_exactmetrics_sitenote_note":"","_exactmetrics_sitenote_category":0,"footnotes":""},"categories":[24,31,1,69],"tags":[75],"class_list":["post-66098","post","type-post","status-publish","format-standard","has-post-thumbnail","hentry","category-mundo","category-politica","category-seguridad","category-ultimas-noticias","tag-seguridad-publica"],"_links":{"self":[{"href":"https:\/\/elpajaritonews.com\/index.php?rest_route=\/wp\/v2\/posts\/66098","targetHints":{"allow":["GET"]}}],"collection":[{"href":"https:\/\/elpajaritonews.com\/index.php?rest_route=\/wp\/v2\/posts"}],"about":[{"href":"https:\/\/elpajaritonews.com\/index.php?rest_route=\/wp\/v2\/types\/post"}],"author":[{"embeddable":true,"href":"https:\/\/elpajaritonews.com\/index.php?rest_route=\/wp\/v2\/users\/2"}],"replies":[{"embeddable":true,"href":"https:\/\/elpajaritonews.com\/index.php?rest_route=%2Fwp%2Fv2%2Fcomments&post=66098"}],"version-history":[{"count":1,"href":"https:\/\/elpajaritonews.com\/index.php?rest_route=\/wp\/v2\/posts\/66098\/revisions"}],"predecessor-version":[{"id":66101,"href":"https:\/\/elpajaritonews.com\/index.php?rest_route=\/wp\/v2\/posts\/66098\/revisions\/66101"}],"wp:featuredmedia":[{"embeddable":true,"href":"https:\/\/elpajaritonews.com\/index.php?rest_route=\/wp\/v2\/media\/66099"}],"wp:attachment":[{"href":"https:\/\/elpajaritonews.com\/index.php?rest_route=%2Fwp%2Fv2%2Fmedia&parent=66098"}],"wp:term":[{"taxonomy":"category","embeddable":true,"href":"https:\/\/elpajaritonews.com\/index.php?rest_route=%2Fwp%2Fv2%2Fcategories&post=66098"},{"taxonomy":"post_tag","embeddable":true,"href":"https:\/\/elpajaritonews.com\/index.php?rest_route=%2Fwp%2Fv2%2Ftags&post=66098"}],"curies":[{"name":"wp","href":"https:\/\/api.w.org\/{rel}","templated":true}]}}