{"id":66144,"date":"2025-06-10T19:29:19","date_gmt":"2025-06-11T02:29:19","guid":{"rendered":"https:\/\/elpajaritonews.com\/?p=66144"},"modified":"2025-06-10T19:29:22","modified_gmt":"2025-06-11T02:29:22","slug":"gobernador-durazo-fortalece-plan-estatal-de-desarrollo-con-enfoque-de-bienestar-social-y-justicia-paulina-ocana","status":"publish","type":"post","link":"https:\/\/elpajaritonews.com\/?p=66144","title":{"rendered":"GOBERNADOR DURAZO FORTALECE PLAN ESTATAL DE DESARROLLO CON ENFOQUE DE BIENESTAR SOCIAL Y JUSTICIA: PAULINA OCA\u00d1A"},"content":{"rendered":"\n<p class=\"wp-block-paragraph\">Con el firme compromiso de construir un modelo de gobernanza digno, equitativo y accesible, enfocado en el bienestar para todas y todos los sonorenses, se llev\u00f3 a cabo el segundo d\u00eda de los foros de consulta p\u00fablica para la actualizaci\u00f3n del Plan Estatal de Desarrollo 2022-2027, teniendo como eje central la mesa de di\u00e1logo de Bienestar Social con Justicia.<\/p>\n\n\n\n<p class=\"wp-block-paragraph\">En representaci\u00f3n del gobernador Alfonso Durazo Monta\u00f1o, la jefa de la Oficina del Ejecutivo Estatal, Paulina Oca\u00f1a, encabez\u00f3 los trabajos del foro junto a Fernando Rojo de la Vega, secretario de Bienestar; Froyl\u00e1n G\u00e1mez Gamboa, secretario de Educaci\u00f3n y Cultura y Rogelio Noriega Vargas, director del Instituto Tecnol\u00f3gico de Hermosillo (ITH).<\/p>\n\n\n\n<p class=\"wp-block-paragraph\">Durante su intervenci\u00f3n, Paulina Oca\u00f1a subray\u00f3 la visi\u00f3n democr\u00e1tica e incluyente del gobernador Durazo Monta\u00f1o, quien impulsa estos espacios de di\u00e1logo como una v\u00eda para escuchar a la ciudadan\u00eda y fortalecer las pol\u00edticas p\u00fablicas con base en las verdaderas necesidades sociales.<\/p>\n\n\n\n<p class=\"wp-block-paragraph\">\u201cEs importante que todos participemos y sobre todo que hagamos caso a esta convocatoria que hace nuestro gobernador, que tiene esta vocaci\u00f3n democr\u00e1tica y que abre estos espacios. Tenemos un gobernador que escucha y atiende, es por eso que agradezco su presencia, y sobre todo que sigamos participando en estos foros que nos queden los d\u00edas siguientes, que le echen todas las ganas a las mesas de trabajo, porque su voz cuenta y queremos escucharlos\u201d, expres\u00f3.<\/p>\n\n\n\n<p class=\"wp-block-paragraph\">Durante el foro Bienestar Social con Justicia se desarrollaron tres mesas de trabajo centradas en temas clave para el desarrollo del estado: pol\u00edtica social para una vida digna; salud universal y servicios p\u00fablicos de calidad y educaci\u00f3n, cultura y ciencia. Las conclusiones y propuestas que surjan de estos ejercicios ciudadanos ser\u00e1n fundamentales para la actualizaci\u00f3n del Plan Estatal de Desarrollo 2022-2027.<\/p>\n","protected":false},"excerpt":{"rendered":"<p>Con el firme compromiso de construir un modelo de gobernanza digno, equitativo y accesible, enfocado en el bienestar para todas y todos los sonorenses, se llev\u00f3 a cabo el segundo d\u00eda de los foros de consulta p\u00fablica para la actualizaci\u00f3n del Plan Estatal de Desarrollo 2022-2027, teniendo como eje central la mesa de di\u00e1logo de&#8230;<\/p>\n","protected":false},"author":2,"featured_media":66145,"comment_status":"closed","ping_status":"closed","sticky":false,"template":"","format":"standard","meta":{"_crdt_document":"","_exactmetrics_skip_tracking":false,"_exactmetrics_sitenote_active":false,"_exactmetrics_sitenote_note":"","_exactmetrics_sitenote_category":0,"footnotes":""},"categories":[36,26,23,31,27,69],"tags":[71,72,74,28],"class_list":["post-66144","post","type-post","status-publish","format-standard","has-post-thumbnail","hentry","category-economia","category-local","category-mexico","category-politica","category-sonora","category-ultimas-noticias","tag-alfonso-durazo","tag-claudia-sheinbaum","tag-hermosillo","tag-nogales"],"_links":{"self":[{"href":"https:\/\/elpajaritonews.com\/index.php?rest_route=\/wp\/v2\/posts\/66144","targetHints":{"allow":["GET"]}}],"collection":[{"href":"https:\/\/elpajaritonews.com\/index.php?rest_route=\/wp\/v2\/posts"}],"about":[{"href":"https:\/\/elpajaritonews.com\/index.php?rest_route=\/wp\/v2\/types\/post"}],"author":[{"embeddable":true,"href":"https:\/\/elpajaritonews.com\/index.php?rest_route=\/wp\/v2\/users\/2"}],"replies":[{"embeddable":true,"href":"https:\/\/elpajaritonews.com\/index.php?rest_route=%2Fwp%2Fv2%2Fcomments&post=66144"}],"version-history":[{"count":1,"href":"https:\/\/elpajaritonews.com\/index.php?rest_route=\/wp\/v2\/posts\/66144\/revisions"}],"predecessor-version":[{"id":66146,"href":"https:\/\/elpajaritonews.com\/index.php?rest_route=\/wp\/v2\/posts\/66144\/revisions\/66146"}],"wp:featuredmedia":[{"embeddable":true,"href":"https:\/\/elpajaritonews.com\/index.php?rest_route=\/wp\/v2\/media\/66145"}],"wp:attachment":[{"href":"https:\/\/elpajaritonews.com\/index.php?rest_route=%2Fwp%2Fv2%2Fmedia&parent=66144"}],"wp:term":[{"taxonomy":"category","embeddable":true,"href":"https:\/\/elpajaritonews.com\/index.php?rest_route=%2Fwp%2Fv2%2Fcategories&post=66144"},{"taxonomy":"post_tag","embeddable":true,"href":"https:\/\/elpajaritonews.com\/index.php?rest_route=%2Fwp%2Fv2%2Ftags&post=66144"}],"curies":[{"name":"wp","href":"https:\/\/api.w.org\/{rel}","templated":true}]}}