{"id":66207,"date":"2025-06-15T15:56:50","date_gmt":"2025-06-15T22:56:50","guid":{"rendered":"https:\/\/elpajaritonews.com\/?p=66207"},"modified":"2025-06-15T15:56:53","modified_gmt":"2025-06-15T22:56:53","slug":"con-plan-sonora-gobernador-durazo-logra-crecimiento-historico-en-productividad-laboral","status":"publish","type":"post","link":"https:\/\/elpajaritonews.com\/?p=66207","title":{"rendered":"CON PLAN SONORA, GOBERNADOR DURAZO LOGRA CRECIMIENTO HIST\u00d3RICO EN PRODUCTIVIDAD LABORAL"},"content":{"rendered":"\n<p class=\"wp-block-paragraph\">&#8211; El mandatario estatal subray\u00f3 que la iniciativa del Plan Sonora no solo impulsa la eficiencia energ\u00e9tica, sino que posiciona al estado como un nodo clave para el desarrollo industrial del pa\u00eds y de Am\u00e9rica del Norte.&nbsp;<\/p>\n\n\n\n<p class=\"wp-block-paragraph\">&#8211; El avance en productividad laboral con un incremento del 3.7 por ciento se traduce en m\u00e1s oportunidades, empleos mejor pagados y mayor bienestar para las familias sonorenses.<\/p>\n\n\n\n<p class=\"wp-block-paragraph\">Con un incremento hist\u00f3rico del 3.7 por ciento en el \u00cdndice de Productividad Laboral, el gobernador Alfonso Durazo Monta\u00f1o posiciona al estado como referente nacional de empleo y remuneraci\u00f3n salarial, resultado del Plan Sonora de Energ\u00edas Sostenibles.<\/p>\n\n\n\n<p class=\"wp-block-paragraph\">El jefe del Ejecutivo estatal destac\u00f3 que esta cifra que se registr\u00f3 durante el primer trimestre de 2025, supera ampliamente el promedio nacional del 1.6\u202f por ciento, de acuerdo con el Instituto Nacional de Estad\u00edstica y Geograf\u00eda (INEGI).<\/p>\n\n\n\n<p class=\"wp-block-paragraph\">\u201cEl incremento en productividad confirma que Sonora avanza por el rumbo correcto. Es un reflejo directo de la eficiencia alcanzada por nuestra industria manufacturera, que hoy es m\u00e1s competitiva gracias al impulso del Plan Sonora de Energ\u00edas Sostenibles\u201d, asever\u00f3 el gobernador Durazo.<\/p>\n\n\n\n<p class=\"wp-block-paragraph\">El mandatario sonorense indic\u00f3 que este resultado es producto del fortalecimiento de sectores estrat\u00e9gicos, como el de manufactura avanzada y de la articulaci\u00f3n entre infraestructura moderna, energ\u00eda limpia, minerales cr\u00edticos y talento humano capacitado.<\/p>\n\n\n\n<p class=\"wp-block-paragraph\">Derivado de los resultados positivos en materia laboral, el gobernador refrend\u00f3 el compromiso del gobierno que encabeza para seguir impulsando pol\u00edticas p\u00fablicas que fortalezcan la productividad, la innovaci\u00f3n y el desarrollo sostenible en todo el estado.<\/p>\n","protected":false},"excerpt":{"rendered":"<p>&#8211; El mandatario estatal subray\u00f3 que la iniciativa del Plan Sonora no solo impulsa la eficiencia energ\u00e9tica, sino que posiciona al estado como un nodo clave para el desarrollo industrial del pa\u00eds y de Am\u00e9rica del Norte.&nbsp; &#8211; El avance en productividad laboral con un incremento del 3.7 por ciento se traduce en m\u00e1s oportunidades,&#8230;<\/p>\n","protected":false},"author":2,"featured_media":66208,"comment_status":"closed","ping_status":"closed","sticky":false,"template":"","format":"standard","meta":{"_crdt_document":"","_exactmetrics_skip_tracking":false,"_exactmetrics_sitenote_active":false,"_exactmetrics_sitenote_note":"","_exactmetrics_sitenote_category":0,"footnotes":""},"categories":[36,26,31,27,69],"tags":[71,72,74,28,30],"class_list":["post-66207","post","type-post","status-publish","format-standard","has-post-thumbnail","hentry","category-economia","category-local","category-politica","category-sonora","category-ultimas-noticias","tag-alfonso-durazo","tag-claudia-sheinbaum","tag-hermosillo","tag-nogales","tag-sonora-tierra-de-oportunidades"],"_links":{"self":[{"href":"https:\/\/elpajaritonews.com\/index.php?rest_route=\/wp\/v2\/posts\/66207","targetHints":{"allow":["GET"]}}],"collection":[{"href":"https:\/\/elpajaritonews.com\/index.php?rest_route=\/wp\/v2\/posts"}],"about":[{"href":"https:\/\/elpajaritonews.com\/index.php?rest_route=\/wp\/v2\/types\/post"}],"author":[{"embeddable":true,"href":"https:\/\/elpajaritonews.com\/index.php?rest_route=\/wp\/v2\/users\/2"}],"replies":[{"embeddable":true,"href":"https:\/\/elpajaritonews.com\/index.php?rest_route=%2Fwp%2Fv2%2Fcomments&post=66207"}],"version-history":[{"count":1,"href":"https:\/\/elpajaritonews.com\/index.php?rest_route=\/wp\/v2\/posts\/66207\/revisions"}],"predecessor-version":[{"id":66209,"href":"https:\/\/elpajaritonews.com\/index.php?rest_route=\/wp\/v2\/posts\/66207\/revisions\/66209"}],"wp:featuredmedia":[{"embeddable":true,"href":"https:\/\/elpajaritonews.com\/index.php?rest_route=\/wp\/v2\/media\/66208"}],"wp:attachment":[{"href":"https:\/\/elpajaritonews.com\/index.php?rest_route=%2Fwp%2Fv2%2Fmedia&parent=66207"}],"wp:term":[{"taxonomy":"category","embeddable":true,"href":"https:\/\/elpajaritonews.com\/index.php?rest_route=%2Fwp%2Fv2%2Fcategories&post=66207"},{"taxonomy":"post_tag","embeddable":true,"href":"https:\/\/elpajaritonews.com\/index.php?rest_route=%2Fwp%2Fv2%2Ftags&post=66207"}],"curies":[{"name":"wp","href":"https:\/\/api.w.org\/{rel}","templated":true}]}}