{"id":66310,"date":"2025-06-27T10:59:01","date_gmt":"2025-06-27T17:59:01","guid":{"rendered":"https:\/\/elpajaritonews.com\/?p=66310"},"modified":"2025-06-27T10:59:03","modified_gmt":"2025-06-27T17:59:03","slug":"justicia-social-la-asignacion-de-titulos-de-propiedad-a-330-familias-de-hermosillo-david-figueroa","status":"publish","type":"post","link":"https:\/\/elpajaritonews.com\/?p=66310","title":{"rendered":"\u00abJUSTICIA SOCIAL, LA ASIGNACI\u00d3N DE T\u00cdTULOS DE PROPIEDAD A 330 FAMILIAS DE HERMOSILLO\u00bb: DAVID FIGUEROA"},"content":{"rendered":"\n<p class=\"wp-block-paragraph\">\u00abEs un acto de justicia social, la asignaci\u00f3n de t\u00edtulos de propiedad a 330 familias por parte del Ayuntamiento de Hermosillo\u00bb, destac\u00f3 David Figueroa Ortega.<\/p>\n\n\n\n<p class=\"wp-block-paragraph\">El coordinador de la Ecobancada en el Congreso del Estado, describi\u00f3 que fueron m\u00e1s de dos d\u00e9cadas de incertidumbre para las familias de la colonia Machi L\u00f3pez del Distrito VI, quienes le plantearon la urgente necesidad de contar con certeza jur\u00eddica de sus viviendas.<\/p>\n\n\n\n<p class=\"wp-block-paragraph\">Figueroa Ortega expres\u00f3 que en una reuni\u00f3n con vecinas y vecinos de la colonia Machi L\u00f3pez, a trav\u00e9s de su programa \u201cDiputado en tu Colonia\u201d, hizo el compromiso de gestionar dicha solicitud ante la autoridad municipal.<\/p>\n\n\n\n<p class=\"wp-block-paragraph\">El titular de Promotora Inmobiliaria de Hermosillo, Luis Ernesto Nieves, atendi\u00f3 a los vecinos y al legislador, al tiempo de confirmar que ya est\u00e1 listo el proceso para titular estas 330 viviendas.<\/p>\n\n\n\n<p class=\"wp-block-paragraph\">Figueroa Ortega reconoci\u00f3 el trabajo y atenci\u00f3n de Luis Nieves para las familias hermosillenses, \u00abeste logro representa mucho m\u00e1s que un documento, es tranquilidad y orgullo para las familias de Machi L\u00f3pez\u00bb.<\/p>\n\n\n\n<p class=\"wp-block-paragraph\">Precis\u00f3 que \u00abgracias a la voluntad y trabajo del Gobierno Municipal se ha logrado transformar la realidad de estas 330 familias, es un acto de justicia social\u201d.<\/p>\n\n\n\n<p class=\"wp-block-paragraph\">Figueroa Ortega expres\u00f3 que la unidad, la cercan\u00eda y los acuerdos han sido clave para llevar servicios, atenci\u00f3n y soluciones concretas a las familias con necesidades reales de vivienda y de certeza jur\u00eddica con sus t\u00edtulos de propiedad.<\/p>\n\n\n\n<p class=\"wp-block-paragraph\">Esta acci\u00f3n se suma a otras gestiones exitosas, como el impulso en servicios b\u00e1sicos y reparaci\u00f3n de infraestructura p\u00fablica ante dependencias del Gobierno del Estado comprometidas con la sociedad como de manera puntual realiza CECOP.<\/p>\n\n\n\n<p class=\"wp-block-paragraph\">Con esta entrega masiva de t\u00edtulos, dijo, las familias ya no enfrentar\u00e1n riesgos de despojo o incertidumbre jur\u00eddica, ya que contar\u00e1n con respaldo legal en el Registro P\u00fablico de la Propiedad.<\/p>\n","protected":false},"excerpt":{"rendered":"<p>\u00abEs un acto de justicia social, la asignaci\u00f3n de t\u00edtulos de propiedad a 330 familias por parte del Ayuntamiento de Hermosillo\u00bb, destac\u00f3 David Figueroa Ortega. El coordinador de la Ecobancada en el Congreso del Estado, describi\u00f3 que fueron m\u00e1s de dos d\u00e9cadas de incertidumbre para las familias de la colonia Machi L\u00f3pez del Distrito VI,&#8230;<\/p>\n","protected":false},"author":2,"featured_media":66311,"comment_status":"closed","ping_status":"closed","sticky":false,"template":"","format":"standard","meta":{"_crdt_document":"","_exactmetrics_skip_tracking":false,"_exactmetrics_sitenote_active":false,"_exactmetrics_sitenote_note":"","_exactmetrics_sitenote_category":0,"footnotes":""},"categories":[20,36,31,27,69],"tags":[73],"class_list":["post-66310","post","type-post","status-publish","format-standard","has-post-thumbnail","hentry","category-congreso","category-economia","category-politica","category-sonora","category-ultimas-noticias","tag-congreso-del-estado-de-sonora"],"_links":{"self":[{"href":"https:\/\/elpajaritonews.com\/index.php?rest_route=\/wp\/v2\/posts\/66310","targetHints":{"allow":["GET"]}}],"collection":[{"href":"https:\/\/elpajaritonews.com\/index.php?rest_route=\/wp\/v2\/posts"}],"about":[{"href":"https:\/\/elpajaritonews.com\/index.php?rest_route=\/wp\/v2\/types\/post"}],"author":[{"embeddable":true,"href":"https:\/\/elpajaritonews.com\/index.php?rest_route=\/wp\/v2\/users\/2"}],"replies":[{"embeddable":true,"href":"https:\/\/elpajaritonews.com\/index.php?rest_route=%2Fwp%2Fv2%2Fcomments&post=66310"}],"version-history":[{"count":1,"href":"https:\/\/elpajaritonews.com\/index.php?rest_route=\/wp\/v2\/posts\/66310\/revisions"}],"predecessor-version":[{"id":66312,"href":"https:\/\/elpajaritonews.com\/index.php?rest_route=\/wp\/v2\/posts\/66310\/revisions\/66312"}],"wp:featuredmedia":[{"embeddable":true,"href":"https:\/\/elpajaritonews.com\/index.php?rest_route=\/wp\/v2\/media\/66311"}],"wp:attachment":[{"href":"https:\/\/elpajaritonews.com\/index.php?rest_route=%2Fwp%2Fv2%2Fmedia&parent=66310"}],"wp:term":[{"taxonomy":"category","embeddable":true,"href":"https:\/\/elpajaritonews.com\/index.php?rest_route=%2Fwp%2Fv2%2Fcategories&post=66310"},{"taxonomy":"post_tag","embeddable":true,"href":"https:\/\/elpajaritonews.com\/index.php?rest_route=%2Fwp%2Fv2%2Ftags&post=66310"}],"curies":[{"name":"wp","href":"https:\/\/api.w.org\/{rel}","templated":true}]}}