{"id":66313,"date":"2025-06-27T12:35:30","date_gmt":"2025-06-27T19:35:30","guid":{"rendered":"https:\/\/elpajaritonews.com\/?p=66313"},"modified":"2025-06-27T12:35:33","modified_gmt":"2025-06-27T19:35:33","slug":"le-sigue-cumpliendo-la-presidenta-sheinbaum-a-sonora-242-comites-de-la-clinica-es-nuestra-del-imss-bienestar","status":"publish","type":"post","link":"https:\/\/elpajaritonews.com\/?p=66313","title":{"rendered":"LE SIGUE CUMPLIENDO LA PRESIDENTA SHEINBAUM A SONORA; 242 COMIT\u00c9S DE LA CL\u00cdNICA ES NUESTRA DEL IMSS BIENESTAR"},"content":{"rendered":"\n<p class=\"wp-block-paragraph\">En seguimiento al compromiso de la Presidenta Claudia Sheinbaum Pardo de garantizar el derecho a la salud con justicia y participaci\u00f3n ciudadana, en Sonora se elegir\u00e1n 242 Comit\u00e9s de Salud y Bienestar en los 72 municipios de la entidad, mediante asambleas comunitarias en el mismo n\u00famero de unidades m\u00e9dicas del IMSS Bienestar, como parte del programa federal \u201cLa Cl\u00ednica Es Nuestra\u201d.<\/p>\n\n\n\n<p class=\"wp-block-paragraph\">El Delegado de Bienestar en Sonora, Octavio Almada Palafox, detall\u00f3 que se abarcan Centros de Salud Rurales y Urbanos, y que este 2025 se incorporan tambi\u00e9n los Centros Comunitarios de Salud Mental y Adicciones (CECOSAMAs), Centros Integrales de Salud Mental (CISAMEs) y las Unidades de Especialidades M\u00e9dicas (UNEMEs EC), con lo cual se fortalecer\u00e1 el alcance territorial y comunitario del programa, que contempla una inversi\u00f3n aproximada de m\u00e1s de 120 millones de pesos en la entidad.<\/p>\n\n\n\n<p class=\"wp-block-paragraph\">\u201cEl programa La Cl\u00ednica es Nuestra representa un cambio profundo en la gesti\u00f3n de los servicios de salud, al empoderar a las y los usuarios para que elijan de manera directa a sus representantes, quienes decidir\u00e1n el destino de los recursos p\u00fablicos destinados a mejorar sus centros de atenci\u00f3n m\u00e9dica\u201d, explic\u00f3.<\/p>\n\n\n\n<p class=\"wp-block-paragraph\">A\u00f1adi\u00f3 que cada Comit\u00e9 de Salud y Bienestar podr\u00e1 priorizar obras, adquirir equipamiento o realizar mejoras estructurales seg\u00fan las necesidades reales de su comunidad, para otorgar espacios dignos y seguros en la atenci\u00f3n de la salud. Estos recursos ser\u00e1n entregados de forma directa, sin intermediarios, para garantizar un ejercicio transparente y eficaz.<\/p>\n\n\n\n<p class=\"wp-block-paragraph\">El delegado Octavio Almada destac\u00f3 que estas asambleas se han realizado con total transparencia, bajo principios de honestidad, democracia participativa y con el acompa\u00f1amiento de servidores p\u00fablicos de la Secretar\u00eda de Bienestar en Sonora, quienes han facilitado el proceso en las distintas regiones del estado.<\/p>\n\n\n\n<p class=\"wp-block-paragraph\">\u201cEn total, han participado m\u00e1s de 3 mil 600 personas en este esfuerzo: m\u00e1s de 3 mil ciudadanos y ciudadanas y m\u00e1s de 550 funcionarios p\u00fablicos, donde se incluyen a servidores de la naci\u00f3n, personal de salud, trabajadores del IMSS Bienestar y directores regionales de Bienestar\u201d, detall\u00f3.<\/p>\n\n\n\n<p class=\"wp-block-paragraph\">El Delegado de Bienestar en Sonora resalt\u00f3 que el avance en Sonora no ser\u00eda posible sin la colaboraci\u00f3n del personal m\u00e9dico y operativo del IMSS Bienestar, as\u00ed como la participaci\u00f3n activa de las comunidades, quienes han respondido con entusiasmo a esta convocatoria que pone en el centro su voz y decisi\u00f3n.<\/p>\n\n\n\n<p class=\"wp-block-paragraph\">Con este esfuerzo colectivo, el programa \u201cLa Cl\u00ednica es Nuestra\u201d se consolida como una pol\u00edtica p\u00fablica transformadora que dignifica los espacios de salud, fortalece la participaci\u00f3n ciudadana y reafirma que, con el pueblo al centro, la Cuarta Transformaci\u00f3n avanza en cada rinc\u00f3n de Sonora.<\/p>\n","protected":false},"excerpt":{"rendered":"<p>En seguimiento al compromiso de la Presidenta Claudia Sheinbaum Pardo de garantizar el derecho a la salud con justicia y participaci\u00f3n ciudadana, en Sonora se elegir\u00e1n 242 Comit\u00e9s de Salud y Bienestar en los 72 municipios de la entidad, mediante asambleas comunitarias en el mismo n\u00famero de unidades m\u00e9dicas del IMSS Bienestar, como parte del&#8230;<\/p>\n","protected":false},"author":2,"featured_media":66314,"comment_status":"closed","ping_status":"closed","sticky":false,"template":"","format":"standard","meta":{"_crdt_document":"","_exactmetrics_skip_tracking":false,"_exactmetrics_sitenote_active":false,"_exactmetrics_sitenote_note":"","_exactmetrics_sitenote_category":0,"footnotes":""},"categories":[36,26,31,32,27,69],"tags":[74,318,101],"class_list":["post-66313","post","type-post","status-publish","format-standard","has-post-thumbnail","hentry","category-economia","category-local","category-politica","category-salud","category-sonora","category-ultimas-noticias","tag-hermosillo","tag-imss-bienestar","tag-octavio-almada-palafox"],"_links":{"self":[{"href":"https:\/\/elpajaritonews.com\/index.php?rest_route=\/wp\/v2\/posts\/66313","targetHints":{"allow":["GET"]}}],"collection":[{"href":"https:\/\/elpajaritonews.com\/index.php?rest_route=\/wp\/v2\/posts"}],"about":[{"href":"https:\/\/elpajaritonews.com\/index.php?rest_route=\/wp\/v2\/types\/post"}],"author":[{"embeddable":true,"href":"https:\/\/elpajaritonews.com\/index.php?rest_route=\/wp\/v2\/users\/2"}],"replies":[{"embeddable":true,"href":"https:\/\/elpajaritonews.com\/index.php?rest_route=%2Fwp%2Fv2%2Fcomments&post=66313"}],"version-history":[{"count":1,"href":"https:\/\/elpajaritonews.com\/index.php?rest_route=\/wp\/v2\/posts\/66313\/revisions"}],"predecessor-version":[{"id":66315,"href":"https:\/\/elpajaritonews.com\/index.php?rest_route=\/wp\/v2\/posts\/66313\/revisions\/66315"}],"wp:featuredmedia":[{"embeddable":true,"href":"https:\/\/elpajaritonews.com\/index.php?rest_route=\/wp\/v2\/media\/66314"}],"wp:attachment":[{"href":"https:\/\/elpajaritonews.com\/index.php?rest_route=%2Fwp%2Fv2%2Fmedia&parent=66313"}],"wp:term":[{"taxonomy":"category","embeddable":true,"href":"https:\/\/elpajaritonews.com\/index.php?rest_route=%2Fwp%2Fv2%2Fcategories&post=66313"},{"taxonomy":"post_tag","embeddable":true,"href":"https:\/\/elpajaritonews.com\/index.php?rest_route=%2Fwp%2Fv2%2Ftags&post=66313"}],"curies":[{"name":"wp","href":"https:\/\/api.w.org\/{rel}","templated":true}]}}