{"id":66322,"date":"2025-06-27T17:45:55","date_gmt":"2025-06-28T00:45:55","guid":{"rendered":"https:\/\/elpajaritonews.com\/?p=66322"},"modified":"2025-06-27T17:45:59","modified_gmt":"2025-06-28T00:45:59","slug":"refrenda-congreso-de-sonora-su-compromiso-con-la-cooperacion-binacional-en-la-66a-asamblea-de-la-comision-sonora-arizona","status":"publish","type":"post","link":"https:\/\/elpajaritonews.com\/?p=66322","title":{"rendered":"REFRENDA CONGRESO DE SONORA SU COMPROMISO CON LA COOPERACI\u00d3N BINACIONAL EN LA 66\u00aa ASAMBLEA DE LA COMISI\u00d3N SONORA-ARIZONA"},"content":{"rendered":"\n<p class=\"wp-block-paragraph\">En el marco de la 66\u00aa Asamblea de la Comisi\u00f3n Sonora-Arizona, el Congreso del Estado de Sonora reafirm\u00f3 su compromiso con el fortalecimiento de los lazos de colaboraci\u00f3n entre ambas entidades, participando activamente en las reuniones de los comit\u00e9s organizadores que abordan temas estrat\u00e9gicos como desarrollo econ\u00f3mico, infraestructura, seguridad, sostenibilidad y educaci\u00f3n.<\/p>\n\n\n\n<p class=\"wp-block-paragraph\">En representaci\u00f3n del Poder Legislativo asistieron la diputada Ros\u00e1ngela Amairany Pe\u00f1a Escalante (PES), vicepresidenta de la Mesa Directiva; la diputada Marcela Valenzuela Nev\u00e1rez (Morena); y el diputado Ren\u00e9 Edmundo Garc\u00eda Rojo (PT), quienes se sumaron a los trabajos t\u00e9cnicos y de planeaci\u00f3n conjunta con autoridades y representantes de Arizona, con el objetivo de contribuir a la consolidaci\u00f3n de una megarregi\u00f3n fronteriza din\u00e1mica y competitiva.<\/p>\n\n\n\n<p class=\"wp-block-paragraph\">Durante su intervenci\u00f3n, el gobernador Alfonso Durazo Monta\u00f1o destac\u00f3 la importancia de fortalecer la relaci\u00f3n binacional entre Sonora y Arizona mediante la construcci\u00f3n de confianza mutua, fundamento del di\u00e1logo, el respeto y la cooperaci\u00f3n, al reconocer que ambos pueblos comparten historias, desaf\u00edos e intereses que solo pueden superarse con voluntad conjunta.<\/p>\n\n\n\n<p class=\"wp-block-paragraph\">Las y los legisladores participaron en los comit\u00e9s binacionales que abordan temas como infraestructura y transporte; energ\u00eda; agronegocios; educaci\u00f3n; desarrollo econ\u00f3mico; seguridad; turismo; bienes ra\u00edces; manejo de emergencias; salud; agua y medio ambiente, entre otros, donde se fomenta el di\u00e1logo, la colaboraci\u00f3n y la definici\u00f3n de acciones conjuntas que impacten positivamente a ambas regiones.<\/p>\n\n\n\n<p class=\"wp-block-paragraph\">Para concluir los trabajos, el programa continu\u00f3 con conferencias y paneles de an\u00e1lisis en un marco de colaboraci\u00f3n binacional, abordando temas como manufactura avanzada, infraestructura, cadenas regionales de suministro y el deporte como motor de desarrollo econ\u00f3mico y cultural compartid<\/p>\n","protected":false},"excerpt":{"rendered":"<p>En el marco de la 66\u00aa Asamblea de la Comisi\u00f3n Sonora-Arizona, el Congreso del Estado de Sonora reafirm\u00f3 su compromiso con el fortalecimiento de los lazos de colaboraci\u00f3n entre ambas entidades, participando activamente en las reuniones de los comit\u00e9s organizadores que abordan temas estrat\u00e9gicos como desarrollo econ\u00f3mico, infraestructura, seguridad, sostenibilidad y educaci\u00f3n. En representaci\u00f3n del&#8230;<\/p>\n","protected":false},"author":2,"featured_media":66323,"comment_status":"closed","ping_status":"closed","sticky":false,"template":"","format":"standard","meta":{"_crdt_document":"","_exactmetrics_skip_tracking":false,"_exactmetrics_sitenote_active":false,"_exactmetrics_sitenote_note":"","_exactmetrics_sitenote_category":0,"footnotes":""},"categories":[17,20,36,89,31,27,69],"tags":[71,72,319,73,28,30],"class_list":["post-66322","post","type-post","status-publish","format-standard","has-post-thumbnail","hentry","category-arizona","category-congreso","category-economia","category-estados-unidos","category-politica","category-sonora","category-ultimas-noticias","tag-alfonso-durazo","tag-claudia-sheinbaum","tag-comision-sonora-arizona","tag-congreso-del-estado-de-sonora","tag-nogales","tag-sonora-tierra-de-oportunidades"],"_links":{"self":[{"href":"https:\/\/elpajaritonews.com\/index.php?rest_route=\/wp\/v2\/posts\/66322","targetHints":{"allow":["GET"]}}],"collection":[{"href":"https:\/\/elpajaritonews.com\/index.php?rest_route=\/wp\/v2\/posts"}],"about":[{"href":"https:\/\/elpajaritonews.com\/index.php?rest_route=\/wp\/v2\/types\/post"}],"author":[{"embeddable":true,"href":"https:\/\/elpajaritonews.com\/index.php?rest_route=\/wp\/v2\/users\/2"}],"replies":[{"embeddable":true,"href":"https:\/\/elpajaritonews.com\/index.php?rest_route=%2Fwp%2Fv2%2Fcomments&post=66322"}],"version-history":[{"count":1,"href":"https:\/\/elpajaritonews.com\/index.php?rest_route=\/wp\/v2\/posts\/66322\/revisions"}],"predecessor-version":[{"id":66324,"href":"https:\/\/elpajaritonews.com\/index.php?rest_route=\/wp\/v2\/posts\/66322\/revisions\/66324"}],"wp:featuredmedia":[{"embeddable":true,"href":"https:\/\/elpajaritonews.com\/index.php?rest_route=\/wp\/v2\/media\/66323"}],"wp:attachment":[{"href":"https:\/\/elpajaritonews.com\/index.php?rest_route=%2Fwp%2Fv2%2Fmedia&parent=66322"}],"wp:term":[{"taxonomy":"category","embeddable":true,"href":"https:\/\/elpajaritonews.com\/index.php?rest_route=%2Fwp%2Fv2%2Fcategories&post=66322"},{"taxonomy":"post_tag","embeddable":true,"href":"https:\/\/elpajaritonews.com\/index.php?rest_route=%2Fwp%2Fv2%2Ftags&post=66322"}],"curies":[{"name":"wp","href":"https:\/\/api.w.org\/{rel}","templated":true}]}}