{"id":66404,"date":"2025-07-03T19:31:01","date_gmt":"2025-07-04T02:31:01","guid":{"rendered":"https:\/\/elpajaritonews.com\/?p=66404"},"modified":"2025-07-03T19:31:03","modified_gmt":"2025-07-04T02:31:03","slug":"familia-de-julio-cesar-chavez-jr-pide-que-se-garantice-el-debido-proceso-legal","status":"publish","type":"post","link":"https:\/\/elpajaritonews.com\/?p=66404","title":{"rendered":"FAMILIA DE JULIO C\u00c9SAR CH\u00c1VEZ JR. PIDE QUE SE GARANTICE \u00abEL DEBIDO PROCESO LEGAL\u00bb"},"content":{"rendered":"\n<p class=\"wp-block-paragraph\">Ante la detenci\u00f3n de Julio C\u00e9sar Ch\u00e1vez Jr. por agentes del Servicio de Inmigraci\u00f3n y Aduanas (ICE por sus siglas en ingl\u00e9s), por encontrarse ilegalmente en Estados Unidos y existir una orden de captura ante presuntos nexos con el C\u00e1rtel de Sinaloa, la familia del p\u00fagil se pronunci\u00f3 al respecto,&nbsp; a trav\u00e9s de un comunicado publicado en las redes sociales de su padre.<\/p>\n\n\n\n<p class=\"wp-block-paragraph\">\u201cNuestra familia se encuentra profundamente consternada por la situaci\u00f3n actual. En estos momentos dif\u00edciles reiteramos nuestro total e incondicional apoyo a Julio. Confiamos plenamente en su inocencia y su calidad humana, as\u00ed como en las instituciones de justicia tanto de M\u00e9xico como de los Estados Unidos, en quienes depositamos nuestra esperanza para que esta situaci\u00f3n se aclare conforme a derecho y a la verdad.<\/p>\n\n\n\n<p class=\"wp-block-paragraph\">Julio es, ante todo, un hijo, un padre y un ser humano que ha enfrentado m\u00faltiples retos en su vida personal y profesional. Como familia pedimos con respeto que se garantice el debido proceso legal y que se eviten juicios anticipados que vulneren su dignidad y la de los que lo rodeamos.&nbsp;<\/p>\n\n\n\n<figure class=\"wp-block-video\"><video height=\"1280\" style=\"aspect-ratio: 720 \/ 1280;\" width=\"720\" controls src=\"https:\/\/elpajaritonews.com\/wp-content\/uploads\/2025\/07\/WhatsApp-Video-2025-07-03-at-6.24.50-PM.mp4\"><\/video><\/figure>\n\n\n\n<p class=\"wp-block-paragraph\">Agradecemos sinceramente el inter\u00e9s y la cobertura de los medios de comunicaci\u00f3n, pero apelamos a su sensibilidad y comprensi\u00f3n para respetar nuestra decisi\u00f3n de no emitir m\u00e1s declaraciones en este momento. Creemos firmemente que el camino adecuado es permitir que las autoridades competentes lleven a cabo su labor sin presiones externas ni especulaciones\u201d, dice el desplegado.&nbsp;<\/p>\n","protected":false},"excerpt":{"rendered":"<p>Ante la detenci\u00f3n de Julio C\u00e9sar Ch\u00e1vez Jr. por agentes del Servicio de Inmigraci\u00f3n y Aduanas (ICE por sus siglas en ingl\u00e9s), por encontrarse ilegalmente en Estados Unidos y existir una orden de captura ante presuntos nexos con el C\u00e1rtel de Sinaloa, la familia del p\u00fagil se pronunci\u00f3 al respecto,&nbsp; a trav\u00e9s de un comunicado&#8230;<\/p>\n","protected":false},"author":2,"featured_media":66405,"comment_status":"closed","ping_status":"closed","sticky":false,"template":"","format":"standard","meta":{"_crdt_document":"","_exactmetrics_skip_tracking":false,"_exactmetrics_sitenote_active":false,"_exactmetrics_sitenote_note":"","_exactmetrics_sitenote_category":0,"footnotes":""},"categories":[17,21,80,89,88,23,38,31,1,27,69,65],"tags":[75],"class_list":["post-66404","post","type-post","status-publish","format-standard","has-post-thumbnail","hentry","category-arizona","category-deportes","category-derechos-humanos","category-estados-unidos","category-justicia","category-mexico","category-migracion","category-politica","category-seguridad","category-sonora","category-ultimas-noticias","category-videos","tag-seguridad-publica"],"_links":{"self":[{"href":"https:\/\/elpajaritonews.com\/index.php?rest_route=\/wp\/v2\/posts\/66404","targetHints":{"allow":["GET"]}}],"collection":[{"href":"https:\/\/elpajaritonews.com\/index.php?rest_route=\/wp\/v2\/posts"}],"about":[{"href":"https:\/\/elpajaritonews.com\/index.php?rest_route=\/wp\/v2\/types\/post"}],"author":[{"embeddable":true,"href":"https:\/\/elpajaritonews.com\/index.php?rest_route=\/wp\/v2\/users\/2"}],"replies":[{"embeddable":true,"href":"https:\/\/elpajaritonews.com\/index.php?rest_route=%2Fwp%2Fv2%2Fcomments&post=66404"}],"version-history":[{"count":1,"href":"https:\/\/elpajaritonews.com\/index.php?rest_route=\/wp\/v2\/posts\/66404\/revisions"}],"predecessor-version":[{"id":66407,"href":"https:\/\/elpajaritonews.com\/index.php?rest_route=\/wp\/v2\/posts\/66404\/revisions\/66407"}],"wp:featuredmedia":[{"embeddable":true,"href":"https:\/\/elpajaritonews.com\/index.php?rest_route=\/wp\/v2\/media\/66405"}],"wp:attachment":[{"href":"https:\/\/elpajaritonews.com\/index.php?rest_route=%2Fwp%2Fv2%2Fmedia&parent=66404"}],"wp:term":[{"taxonomy":"category","embeddable":true,"href":"https:\/\/elpajaritonews.com\/index.php?rest_route=%2Fwp%2Fv2%2Fcategories&post=66404"},{"taxonomy":"post_tag","embeddable":true,"href":"https:\/\/elpajaritonews.com\/index.php?rest_route=%2Fwp%2Fv2%2Ftags&post=66404"}],"curies":[{"name":"wp","href":"https:\/\/api.w.org\/{rel}","templated":true}]}}