{"id":66511,"date":"2025-07-08T14:56:05","date_gmt":"2025-07-08T21:56:05","guid":{"rendered":"https:\/\/elpajaritonews.com\/?p=66511"},"modified":"2025-07-08T14:56:08","modified_gmt":"2025-07-08T21:56:08","slug":"realiza-congreso-de-sonora-tercer-foro-sobre-derechos-de-la-ninez-y-adolescencia-en-nogales","status":"publish","type":"post","link":"https:\/\/elpajaritonews.com\/?p=66511","title":{"rendered":"REALIZA CONGRESO DE SONORA TERCER FORO SOBRE DERECHOS DE LA NI\u00d1EZ Y ADOLESCENCIA EN NOGALES\u00a0"},"content":{"rendered":"\n<p class=\"wp-block-paragraph\">En cumplimiento del compromiso de construir una agenda legislativa incluyente y sensible a las necesidades de la ni\u00f1ez y adolescencia sonorense, el Congreso del Estado llev\u00f3 a cabo el tercer foro \u201cEl Sonora que las Ni\u00f1as y los Ni\u00f1os se Merecen\u201d, esta vez en el municipio de Nogales.<\/p>\n\n\n\n<figure class=\"wp-block-embed is-type-video is-provider-youtube wp-block-embed-youtube wp-embed-aspect-16-9 wp-has-aspect-ratio\"><div class=\"wp-block-embed__wrapper\">\n<iframe loading=\"lazy\" title=\"3 de Julio 2025 - El Sonora que las Ni\u00f1as y Ni\u00f1os se Merecen - Nogales\" width=\"640\" height=\"360\" src=\"https:\/\/www.youtube.com\/embed\/nftbHsq-SSU?feature=oembed\" frameborder=\"0\" allow=\"accelerometer; autoplay; clipboard-write; encrypted-media; gyroscope; picture-in-picture; web-share\" referrerpolicy=\"strict-origin-when-cross-origin\" allowfullscreen><\/iframe>\n<\/div><\/figure>\n\n\n\n<p class=\"wp-block-paragraph\">Estos foros forman parte de una serie de encuentros de di\u00e1logo y consulta que buscan fortalecer el dise\u00f1o de pol\u00edticas p\u00fablicas con enfoque de derechos, mediante la participaci\u00f3n de investigadores, especialistas en infancias, autoridades gubernamentales y organizaciones de la sociedad civil.<\/p>\n\n\n\n<p class=\"wp-block-paragraph\">El diputado Omar Del Valle Colosio (PVEM), presidente del Congreso, acompa\u00f1ado por las diputadas organizadoras Gabriela F\u00e9lix Boj\u00f3rquez (MC) y Deni Gast\u00e9lum Barreras (Morena), ofreci\u00f3 un mensaje de bienvenida a las y los asistentes. Por su parte, las legisladoras destacaron la importancia de abrir y fortalecer espacios de di\u00e1logo que visibilicen a ni\u00f1as, ni\u00f1os y adolescentes, y los coloquen en el centro de las decisiones que se toman desde el Poder Legislativo.<\/p>\n\n\n\n<p class=\"wp-block-paragraph\">Durante el foro se abordaron temas clave, como la situaci\u00f3n de la ni\u00f1ez migrante en tr\u00e1nsito por el estado; la ni\u00f1ez en situaci\u00f3n de prisi\u00f3n o con familiares en reclusi\u00f3n; la protecci\u00f3n de ni\u00f1as, ni\u00f1os y adolescentes en entornos digitales, y la construcci\u00f3n de pol\u00edticas p\u00fablicas en su beneficio. Las y los ponentes compartieron reflexiones, diagn\u00f3sticos y propuestas que permitir\u00e1n enriquecer los trabajos legislativos en materia de protecci\u00f3n infantil.<\/p>\n\n\n\n<p class=\"wp-block-paragraph\">Este tercer foro se llev\u00f3 a cabo en la regi\u00f3n norte del estado, sum\u00e1ndose a los realizados anteriormente en Hermosillo y Ciudad Obreg\u00f3n, con el prop\u00f3sito de recoger voces y experiencias en distintas zonas de Sonora y contribuir a una agenda legislativa que refleje diversas realidades de manera incluyente y representativa.<\/p>\n\n\n\n<p class=\"wp-block-paragraph\">Al finalizar, se acord\u00f3 que las aportaciones recabadas en estos foros servir\u00e1n como base para la elaboraci\u00f3n de reformas legislativas, programas y mecanismos institucionales que aseguren que ni\u00f1as, ni\u00f1os y adolescentes vivan con dignidad, respeto y oportunidades para desarrollarse plenamente.<\/p>\n\n\n\n<p class=\"wp-block-paragraph\">Tambi\u00e9n estuvieron presentes las diputadas Azalia Guevara Espinoza (PVEM) y Marcela Valenzuela Nev\u00e1rez (Morena).<\/p>\n","protected":false},"excerpt":{"rendered":"<p>En cumplimiento del compromiso de construir una agenda legislativa incluyente y sensible a las necesidades de la ni\u00f1ez y adolescencia sonorense, el Congreso del Estado llev\u00f3 a cabo el tercer foro \u201cEl Sonora que las Ni\u00f1as y los Ni\u00f1os se Merecen\u201d, esta vez en el municipio de Nogales. Estos foros forman parte de una serie&#8230;<\/p>\n","protected":false},"author":2,"featured_media":66512,"comment_status":"closed","ping_status":"closed","sticky":false,"template":"","format":"standard","meta":{"_crdt_document":"","_exactmetrics_skip_tracking":false,"_exactmetrics_sitenote_active":false,"_exactmetrics_sitenote_note":"","_exactmetrics_sitenote_category":0,"footnotes":""},"categories":[20,33,26,27,69,65],"tags":[73],"class_list":["post-66511","post","type-post","status-publish","format-standard","has-post-thumbnail","hentry","category-congreso","category-educacion","category-local","category-sonora","category-ultimas-noticias","category-videos","tag-congreso-del-estado-de-sonora"],"_links":{"self":[{"href":"https:\/\/elpajaritonews.com\/index.php?rest_route=\/wp\/v2\/posts\/66511","targetHints":{"allow":["GET"]}}],"collection":[{"href":"https:\/\/elpajaritonews.com\/index.php?rest_route=\/wp\/v2\/posts"}],"about":[{"href":"https:\/\/elpajaritonews.com\/index.php?rest_route=\/wp\/v2\/types\/post"}],"author":[{"embeddable":true,"href":"https:\/\/elpajaritonews.com\/index.php?rest_route=\/wp\/v2\/users\/2"}],"replies":[{"embeddable":true,"href":"https:\/\/elpajaritonews.com\/index.php?rest_route=%2Fwp%2Fv2%2Fcomments&post=66511"}],"version-history":[{"count":1,"href":"https:\/\/elpajaritonews.com\/index.php?rest_route=\/wp\/v2\/posts\/66511\/revisions"}],"predecessor-version":[{"id":66513,"href":"https:\/\/elpajaritonews.com\/index.php?rest_route=\/wp\/v2\/posts\/66511\/revisions\/66513"}],"wp:featuredmedia":[{"embeddable":true,"href":"https:\/\/elpajaritonews.com\/index.php?rest_route=\/wp\/v2\/media\/66512"}],"wp:attachment":[{"href":"https:\/\/elpajaritonews.com\/index.php?rest_route=%2Fwp%2Fv2%2Fmedia&parent=66511"}],"wp:term":[{"taxonomy":"category","embeddable":true,"href":"https:\/\/elpajaritonews.com\/index.php?rest_route=%2Fwp%2Fv2%2Fcategories&post=66511"},{"taxonomy":"post_tag","embeddable":true,"href":"https:\/\/elpajaritonews.com\/index.php?rest_route=%2Fwp%2Fv2%2Ftags&post=66511"}],"curies":[{"name":"wp","href":"https:\/\/api.w.org\/{rel}","templated":true}]}}