{"id":66514,"date":"2025-07-08T15:28:06","date_gmt":"2025-07-08T22:28:06","guid":{"rendered":"https:\/\/elpajaritonews.com\/?p=66514"},"modified":"2025-07-08T15:28:09","modified_gmt":"2025-07-08T22:28:09","slug":"detienen-a-lider-de-celula-criminal-en-hermosillo","status":"publish","type":"post","link":"https:\/\/elpajaritonews.com\/?p=66514","title":{"rendered":"DETIENEN A L\u00cdDER DE C\u00c9LULA CRIMINAL EN HERMOSILLO"},"content":{"rendered":"\n<p class=\"wp-block-paragraph\">La Fiscal\u00eda General de Justicia del Estado de Sonora (FGJES), a trav\u00e9s de la Agencia Ministerial de Investigaci\u00f3n Criminal (AMIC), la Secretar\u00eda de Marina Armada de M\u00e9xico (SEMAR), la Secretar\u00eda de la Defensa Nacional (DEFENSA), y la Polic\u00eda Estatal de Seguridad P\u00fablica (PESP) informa que se logr\u00f3 la captura de Rams\u00e9s Dami\u00e1n \u201cN\u201d, individuo identificado como objetivo prioritario por el Gabinete de Seguridad de Sonora.<\/p>\n\n\n\n<p class=\"wp-block-paragraph\">Este sujeto es se\u00f1alado como l\u00edder de una c\u00e9lula criminal activa en la capital del estado, vinculada a m\u00faltiples actos de violencia armada y delincuencia organizada ocurridos entre junio y julio de este a\u00f1o.<\/p>\n\n\n\n<p class=\"wp-block-paragraph\">El operativo se llev\u00f3 a cabo en la madrugada del 7 de julio en la calle Santa Rosa y L\u00f3pez del Castillo, colonia Carmen Serd\u00e1n, donde fueron detenidos dos sujetos: Rams\u00e9s Dami\u00e1n \u201cN\u201d y Juan Carlos \u201cN\u201d, ambos fueron asegurados en posesi\u00f3n de tres armas de fuego, entre ellas dos pistolas calibre 9 mm, una pistola calibre .45 y narc\u00f3ticos.<\/p>\n\n\n\n<p class=\"wp-block-paragraph\">Rams\u00e9s Dami\u00e1n \u201cN\u201d tiene un historial criminal desde el a\u00f1o 2001, acumulando cargos por robos, lesiones graves, resistencia de particulares, allanamiento, corrupci\u00f3n de menores y portaci\u00f3n ilegal de armas. Su participaci\u00f3n en actos violentos se intensific\u00f3 entre 2008 y 2010, cuando fue vinculado a homicidios y otros delitos contra la seguridad p\u00fablica.&nbsp;<\/p>\n\n\n\n<p class=\"wp-block-paragraph\">En la actualidad, enfrenta cuatro \u00f3rdenes de aprehensi\u00f3n vigentes relacionadas con los siguientes delitos: homicidio calificado con premeditaci\u00f3n, alevos\u00eda o traici\u00f3n en n\u00famero de tres; aborto sin consentimiento empleando violencia; homicidio calificado con premeditaci\u00f3n, alevos\u00eda o traici\u00f3n; homicidio en n\u00famero de tres; y delito contra la salud en su modalidad de narcomenudeo en la conducta de posesi\u00f3n de metanfetamina.&nbsp;<\/p>\n\n\n\n<p class=\"wp-block-paragraph\">Est\u00e1 presuntamente ligado a cinco asuntos m\u00e1s en investigaci\u00f3n por homicidios calificados cometidos entre junio y julio de 2025, principalmente en las colonias Jacinto L\u00f3pez, Insurgentes y Centro.<\/p>\n\n\n\n<p class=\"wp-block-paragraph\">Los hechos destacados atribuidos al imputado incluyen una tentativa de homicidio en agravio de Reyna Gabriela \u201cN\u201d, integrante de un grupo rival, ocurrida el 23 de junio de 2025; el ataque y privaci\u00f3n de la vida de tres personas en un punto de venta de narc\u00f3ticos en Colonia Jacinto L\u00f3pez el 10 de junio; el homicidio calificado, aborto agravado y homicidio en la Colonia Centro el 18 de junio; y otra tentativa de homicidio en Colonia Insurgentes el 17 de junio.&nbsp;<\/p>\n\n\n\n<p class=\"wp-block-paragraph\">Los an\u00e1lisis bal\u00edsticos confirmaron que las armas aseguradas han sido utilizadas en diversos hechos violentos registrados en la ciudad.<\/p>\n\n\n\n<p class=\"wp-block-paragraph\">La red criminal liderada por Rams\u00e9s Dami\u00e1n \u201cN\u201d cuenta con colaboradores, entre ellos Manuel David \u201cN\u201d alias \u00abPollo\u00bb, quien fue detenido este d\u00eda en la calle Hu\u00e9pac, colonia Carmen Serd\u00e1n, junto con otro sujeto.&nbsp;<\/p>\n\n\n\n<p class=\"wp-block-paragraph\">Durante el operativo se asegur\u00f3 un fusil de asalto AK-47; Manuel David \u201cN\u201d tiene una orden de aprehensi\u00f3n vigente por el delito de homicidio y es se\u00f1alado como probable responsable de otros cinco casos similares.&nbsp;<\/p>\n\n\n\n<p class=\"wp-block-paragraph\">El operativo cont\u00f3 con una estrecha colaboraci\u00f3n e intercambio de inteligencia entre AMIC, Polic\u00eda Estatal de Seguridad P\u00fablica (PESP), SEMAR y DEFENSA, lo cual permiti\u00f3 ubicar y asegurar al objetivo prioritario.<\/p>\n\n\n\n<p class=\"wp-block-paragraph\">Este resultado representa un avance significativo en la lucha contra el delito en Hermosillo y refrenda el compromiso institucional de la FGJES con la justicia, la seguridad ciudadana y el combate frontal a la impunidad; la c\u00e9lula criminal que ha quedado seriamente debilitada en su estructura es una de las m\u00e1s violentas en la capital, la cual es investigada por un amplio n\u00famero de los cr\u00edmenes ocurridos durante los \u00faltimos meses.&nbsp;<\/p>\n\n\n\n<p class=\"wp-block-paragraph\">Por los il\u00edcitos antes mencionados, se solicitar\u00e1 en el momento procesal oportuno les sea aplicada la pena m\u00e1xima que en derecho corresponda, por cada uno de los delitos cometidos.<\/p>\n","protected":false},"excerpt":{"rendered":"<p>La Fiscal\u00eda General de Justicia del Estado de Sonora (FGJES), a trav\u00e9s de la Agencia Ministerial de Investigaci\u00f3n Criminal (AMIC), la Secretar\u00eda de Marina Armada de M\u00e9xico (SEMAR), la Secretar\u00eda de la Defensa Nacional (DEFENSA), y la Polic\u00eda Estatal de Seguridad P\u00fablica (PESP) informa que se logr\u00f3 la captura de Rams\u00e9s Dami\u00e1n \u201cN\u201d, individuo identificado&#8230;<\/p>\n","protected":false},"author":2,"featured_media":66515,"comment_status":"closed","ping_status":"closed","sticky":false,"template":"","format":"standard","meta":{"_crdt_document":"","_exactmetrics_skip_tracking":false,"_exactmetrics_sitenote_active":false,"_exactmetrics_sitenote_note":"","_exactmetrics_sitenote_category":0,"footnotes":""},"categories":[88,26,31,1,27,69],"tags":[74,75],"class_list":["post-66514","post","type-post","status-publish","format-standard","has-post-thumbnail","hentry","category-justicia","category-local","category-politica","category-seguridad","category-sonora","category-ultimas-noticias","tag-hermosillo","tag-seguridad-publica"],"_links":{"self":[{"href":"https:\/\/elpajaritonews.com\/index.php?rest_route=\/wp\/v2\/posts\/66514","targetHints":{"allow":["GET"]}}],"collection":[{"href":"https:\/\/elpajaritonews.com\/index.php?rest_route=\/wp\/v2\/posts"}],"about":[{"href":"https:\/\/elpajaritonews.com\/index.php?rest_route=\/wp\/v2\/types\/post"}],"author":[{"embeddable":true,"href":"https:\/\/elpajaritonews.com\/index.php?rest_route=\/wp\/v2\/users\/2"}],"replies":[{"embeddable":true,"href":"https:\/\/elpajaritonews.com\/index.php?rest_route=%2Fwp%2Fv2%2Fcomments&post=66514"}],"version-history":[{"count":1,"href":"https:\/\/elpajaritonews.com\/index.php?rest_route=\/wp\/v2\/posts\/66514\/revisions"}],"predecessor-version":[{"id":66516,"href":"https:\/\/elpajaritonews.com\/index.php?rest_route=\/wp\/v2\/posts\/66514\/revisions\/66516"}],"wp:featuredmedia":[{"embeddable":true,"href":"https:\/\/elpajaritonews.com\/index.php?rest_route=\/wp\/v2\/media\/66515"}],"wp:attachment":[{"href":"https:\/\/elpajaritonews.com\/index.php?rest_route=%2Fwp%2Fv2%2Fmedia&parent=66514"}],"wp:term":[{"taxonomy":"category","embeddable":true,"href":"https:\/\/elpajaritonews.com\/index.php?rest_route=%2Fwp%2Fv2%2Fcategories&post=66514"},{"taxonomy":"post_tag","embeddable":true,"href":"https:\/\/elpajaritonews.com\/index.php?rest_route=%2Fwp%2Fv2%2Ftags&post=66514"}],"curies":[{"name":"wp","href":"https:\/\/api.w.org\/{rel}","templated":true}]}}