{"id":66517,"date":"2025-07-08T15:49:12","date_gmt":"2025-07-08T22:49:12","guid":{"rendered":"https:\/\/elpajaritonews.com\/?p=66517"},"modified":"2025-07-08T15:49:15","modified_gmt":"2025-07-08T22:49:15","slug":"tribunal-de-eu-pospone-audiencia-en-la-que-ovidio-guzman-se-declararia-culpable","status":"publish","type":"post","link":"https:\/\/elpajaritonews.com\/?p=66517","title":{"rendered":"TRIBUNAL DE EU POSPONE AUDIENCIA EN LA QUE OVIDIO GUZM\u00c1N SE DECLARAR\u00cdA CULPABLE"},"content":{"rendered":"\n<p class=\"wp-block-paragraph\">La audiencia en la que Ovidio Guzm\u00e1n L\u00f3pez, alias El Rat\u00f3n, se declarar\u00eda culpable de varios cargos relacionados con narcotr\u00e1fico fue reprogramada para el viernes 11 de julio, inform\u00f3 el Tribunal del Distrito Norte de Illinois.<\/p>\n\n\n\n<p class=\"wp-block-paragraph\">Se esperaba que este martes Guzm\u00e1n L\u00f3pez aceptara formalmente los cargos que se le imputan en Estados Unidos, durante una comparecencia ante la jueza, Sharon Coleman, encargada del caso. Sin embargo, el tribunal anunci\u00f3 que la audiencia ser\u00eda pospuesta.<\/p>\n\n\n\n<p class=\"wp-block-paragraph\">El hijo de Joaqu\u00edn El Chapo Guzm\u00e1n y ex integrante de alto rango del c\u00e1rtel de Sinaloa acept\u00f3 declararse culpable la semana pasada como parte de un acuerdo con los fiscales de ese distrito, donde permanece detenido desde septiembre de 2023, tras su extradici\u00f3n desde M\u00e9xico.<\/p>\n\n\n\n<p class=\"wp-block-paragraph\">Aunque inicialmente se declar\u00f3 inocente, El rat\u00f3n decidi\u00f3 cambiar su declaraci\u00f3n, convirti\u00e9ndose en el primero de Los Chapitos en aceptar su responsabilidad penal ante la justicia estadunidense.<\/p>\n","protected":false},"excerpt":{"rendered":"<p>La audiencia en la que Ovidio Guzm\u00e1n L\u00f3pez, alias El Rat\u00f3n, se declarar\u00eda culpable de varios cargos relacionados con narcotr\u00e1fico fue reprogramada para el viernes 11 de julio, inform\u00f3 el Tribunal del Distrito Norte de Illinois. Se esperaba que este martes Guzm\u00e1n L\u00f3pez aceptara formalmente los cargos que se le imputan en Estados Unidos, durante&#8230;<\/p>\n","protected":false},"author":2,"featured_media":66518,"comment_status":"closed","ping_status":"closed","sticky":false,"template":"","format":"standard","meta":{"_crdt_document":"","_exactmetrics_skip_tracking":false,"_exactmetrics_sitenote_active":false,"_exactmetrics_sitenote_note":"","_exactmetrics_sitenote_category":0,"footnotes":""},"categories":[17,89,88,23,38,31,1,27,69],"tags":[72,87,75],"class_list":["post-66517","post","type-post","status-publish","format-standard","has-post-thumbnail","hentry","category-arizona","category-estados-unidos","category-justicia","category-mexico","category-migracion","category-politica","category-seguridad","category-sonora","category-ultimas-noticias","tag-claudia-sheinbaum","tag-estados-unidos","tag-seguridad-publica"],"_links":{"self":[{"href":"https:\/\/elpajaritonews.com\/index.php?rest_route=\/wp\/v2\/posts\/66517","targetHints":{"allow":["GET"]}}],"collection":[{"href":"https:\/\/elpajaritonews.com\/index.php?rest_route=\/wp\/v2\/posts"}],"about":[{"href":"https:\/\/elpajaritonews.com\/index.php?rest_route=\/wp\/v2\/types\/post"}],"author":[{"embeddable":true,"href":"https:\/\/elpajaritonews.com\/index.php?rest_route=\/wp\/v2\/users\/2"}],"replies":[{"embeddable":true,"href":"https:\/\/elpajaritonews.com\/index.php?rest_route=%2Fwp%2Fv2%2Fcomments&post=66517"}],"version-history":[{"count":1,"href":"https:\/\/elpajaritonews.com\/index.php?rest_route=\/wp\/v2\/posts\/66517\/revisions"}],"predecessor-version":[{"id":66519,"href":"https:\/\/elpajaritonews.com\/index.php?rest_route=\/wp\/v2\/posts\/66517\/revisions\/66519"}],"wp:featuredmedia":[{"embeddable":true,"href":"https:\/\/elpajaritonews.com\/index.php?rest_route=\/wp\/v2\/media\/66518"}],"wp:attachment":[{"href":"https:\/\/elpajaritonews.com\/index.php?rest_route=%2Fwp%2Fv2%2Fmedia&parent=66517"}],"wp:term":[{"taxonomy":"category","embeddable":true,"href":"https:\/\/elpajaritonews.com\/index.php?rest_route=%2Fwp%2Fv2%2Fcategories&post=66517"},{"taxonomy":"post_tag","embeddable":true,"href":"https:\/\/elpajaritonews.com\/index.php?rest_route=%2Fwp%2Fv2%2Ftags&post=66517"}],"curies":[{"name":"wp","href":"https:\/\/api.w.org\/{rel}","templated":true}]}}