{"id":66558,"date":"2025-07-09T17:29:16","date_gmt":"2025-07-10T00:29:16","guid":{"rendered":"https:\/\/elpajaritonews.com\/?p=66558"},"modified":"2025-07-09T17:29:19","modified_gmt":"2025-07-10T00:29:19","slug":"gobernador-durazo-respalda-a-comunidad-seri-con-mecanismo-para-eficientar-actividad-cinegetica","status":"publish","type":"post","link":"https:\/\/elpajaritonews.com\/?p=66558","title":{"rendered":"GOBERNADOR DURAZO RESPALDA A COMUNIDAD SERI CON MECANISMO PARA EFICIENTAR ACTIVIDAD CINEG\u00c9TICA"},"content":{"rendered":"\n<p class=\"wp-block-paragraph\">&#8211; En un encuentro con integrantes de la comunidad Comca\u2019ac, el gobernador Alfonso Durazo Monta\u00f1o acord\u00f3 la creaci\u00f3n de un mecanismo integral para la actividad de comercializaci\u00f3n de permisos de cacer\u00eda, que representa una de las principales fuentes de ingreso econ\u00f3mico para la etnia.<\/p>\n\n\n\n<p class=\"wp-block-paragraph\">&#8211; Con esta medida se busca reforzar la colaboraci\u00f3n entre el Gobierno de Sonora y los pueblos originarios para evitar la venta anticipada de \u201ccintillos\u201d a precios reducidos, una pr\u00e1ctica com\u00fan impuesta por intermediarios que aprovechan los periodos de mayor necesidad econ\u00f3mica de la comunidad Seri.<\/p>\n\n\n\n<p class=\"wp-block-paragraph\">Con la finalidad de reforzar el trabajo de colaboraci\u00f3n con la etnia Seri y erradicar la intermediaci\u00f3n en el proceso de asignaci\u00f3n de los permisos de cacer\u00eda, a trav\u00e9s de una visi\u00f3n de justicia social, fortalecimiento a la autonom\u00eda de los pueblos originarios y apoyo al desarrollo sostenible, el gobernador Alfonso Durazo Monta\u00f1o sostuvo una reuni\u00f3n con integrantes de la comunicad Comca\u2019ac (Seri).<\/p>\n\n\n\n<p class=\"wp-block-paragraph\">Durante el encuentro en el que participaron Jes\u00fas F\u00e9lix, gobernador tradicional Seri; Alberto Mellado, presidente ejidal y Mart\u00edn V\u00e9lez de la Rocha, coordinador de la Comisi\u00f3n Estatal para el Desarrollo de los Pueblos y Comunidades Ind\u00edgenas (CEDIS), el mandatario reconoci\u00f3 la actividad de comercializaci\u00f3n de permisos de cacer\u00eda como una de las principales fuentes econ\u00f3micas en la etnia Seri. En la reuni\u00f3n se plante\u00f3 la creaci\u00f3n de un mecanismo financiero que garantice a los n\u00facleos agrarios Comca\u2019ac el acceso anticipado a recursos, por hasta la mitad del valor anual de sus permisos de cacer\u00eda.&nbsp;<\/p>\n\n\n\n<p class=\"wp-block-paragraph\">Con esta medida se buscar\u00e1 evitar la venta anticipada de \u201ccintillos\u201d a precios reducidos, una pr\u00e1ctica com\u00fan impuesta por intermediarios que aprovechan los periodos de mayor necesidad econ\u00f3mica de la comunidad.<\/p>\n\n\n\n<p class=\"wp-block-paragraph\">\u201cEsta colaboraci\u00f3n representa una oportunidad hist\u00f3rica para saldar una deuda con el pueblo Comca\u2019ac, protegiendo su gobernabilidad, generando bienestar directo y construyendo un modelo ejemplar de desarrollo con identidad y dignidad\u201d, destac\u00f3 el mandatario estatal.<\/p>\n\n\n\n<p class=\"wp-block-paragraph\">La propuesta prev\u00e9 que haya mayor beneficio econ\u00f3mico directo para la comunidad Comca\u2019ac al comercializar sus permisos a precios justos, reducir la injerencia de intermediarios en la vida interna de la tribu y fortalecer la gobernabilidad tradicional y la autogesti\u00f3n ind\u00edgena promoviendo sostenibilidad financiera.<\/p>\n\n\n\n<p class=\"wp-block-paragraph\">La propuesta tambi\u00e9n contempla una segunda etapa, donde el Gobierno de Sonora, a trav\u00e9s de la Secretar\u00eda de Econom\u00eda y Turismo y otras dependencias, impulsar\u00e1 la capacitaci\u00f3n de la comunidad para que pueda participar directamente en el mercado internacional de cacer\u00eda. Adem\u00e1s, se fomentar\u00e1 el desarrollo de servicios tur\u00edsticos integrales, como hospedaje, alimentaci\u00f3n, gu\u00edas especializados, transporte y seguridad a personas turistas que visiten territorio Seri para potenciar la derrama econ\u00f3mica local.<\/p>\n","protected":false},"excerpt":{"rendered":"<p>&#8211; En un encuentro con integrantes de la comunidad Comca\u2019ac, el gobernador Alfonso Durazo Monta\u00f1o acord\u00f3 la creaci\u00f3n de un mecanismo integral para la actividad de comercializaci\u00f3n de permisos de cacer\u00eda, que representa una de las principales fuentes de ingreso econ\u00f3mico para la etnia. &#8211; Con esta medida se busca reforzar la colaboraci\u00f3n entre el&#8230;<\/p>\n","protected":false},"author":2,"featured_media":66559,"comment_status":"closed","ping_status":"closed","sticky":false,"template":"","format":"standard","meta":{"_crdt_document":"","_exactmetrics_skip_tracking":false,"_exactmetrics_sitenote_active":false,"_exactmetrics_sitenote_note":"","_exactmetrics_sitenote_category":0,"footnotes":""},"categories":[36,37,31,1,27,69],"tags":[71,324,74,75,30],"class_list":["post-66558","post","type-post","status-publish","format-standard","has-post-thumbnail","hentry","category-economia","category-medio-ambiente","category-politica","category-seguridad","category-sonora","category-ultimas-noticias","tag-alfonso-durazo","tag-comunidad-comcaac","tag-hermosillo","tag-seguridad-publica","tag-sonora-tierra-de-oportunidades"],"_links":{"self":[{"href":"https:\/\/elpajaritonews.com\/index.php?rest_route=\/wp\/v2\/posts\/66558","targetHints":{"allow":["GET"]}}],"collection":[{"href":"https:\/\/elpajaritonews.com\/index.php?rest_route=\/wp\/v2\/posts"}],"about":[{"href":"https:\/\/elpajaritonews.com\/index.php?rest_route=\/wp\/v2\/types\/post"}],"author":[{"embeddable":true,"href":"https:\/\/elpajaritonews.com\/index.php?rest_route=\/wp\/v2\/users\/2"}],"replies":[{"embeddable":true,"href":"https:\/\/elpajaritonews.com\/index.php?rest_route=%2Fwp%2Fv2%2Fcomments&post=66558"}],"version-history":[{"count":1,"href":"https:\/\/elpajaritonews.com\/index.php?rest_route=\/wp\/v2\/posts\/66558\/revisions"}],"predecessor-version":[{"id":66560,"href":"https:\/\/elpajaritonews.com\/index.php?rest_route=\/wp\/v2\/posts\/66558\/revisions\/66560"}],"wp:featuredmedia":[{"embeddable":true,"href":"https:\/\/elpajaritonews.com\/index.php?rest_route=\/wp\/v2\/media\/66559"}],"wp:attachment":[{"href":"https:\/\/elpajaritonews.com\/index.php?rest_route=%2Fwp%2Fv2%2Fmedia&parent=66558"}],"wp:term":[{"taxonomy":"category","embeddable":true,"href":"https:\/\/elpajaritonews.com\/index.php?rest_route=%2Fwp%2Fv2%2Fcategories&post=66558"},{"taxonomy":"post_tag","embeddable":true,"href":"https:\/\/elpajaritonews.com\/index.php?rest_route=%2Fwp%2Fv2%2Ftags&post=66558"}],"curies":[{"name":"wp","href":"https:\/\/api.w.org\/{rel}","templated":true}]}}