{"id":66579,"date":"2025-07-10T13:01:52","date_gmt":"2025-07-10T20:01:52","guid":{"rendered":"https:\/\/elpajaritonews.com\/?p=66579"},"modified":"2025-07-10T13:01:56","modified_gmt":"2025-07-10T20:01:56","slug":"inician-los-trabajos-de-reforestacion-en-el-poligono-la-oreja-del-bosque-urbano-la-sauceda","status":"publish","type":"post","link":"https:\/\/elpajaritonews.com\/?p=66579","title":{"rendered":"INICIAN LOS TRABAJOS DE REFORESTACI\u00d3N EN EL POL\u00cdGONO \u201cLA OREJA\u201d DEL BOSQUE URBANO LA SAUCEDA"},"content":{"rendered":"\n<p class=\"wp-block-paragraph\">El Gobierno de Sonora dio inicio a los trabajos de reforestaci\u00f3n en el pol\u00edgono sureste conocido como \u201cLa Oreja\u201d, zona incorporada al Bosque Urbano La Sauceda, como parte del programa de compensaci\u00f3n ambiental por cambio de uso de suelo de la Comisi\u00f3n Nacional Forestal (Conafor) en el \u00e1rea natural protegida.<\/p>\n\n\n\n<p class=\"wp-block-paragraph\">En este proyecto se est\u00e1n sembrando 14 especies nativas del ecosistema des\u00e9rtico sonorense, con el objetivo de preservar la biodiversidad local y fortalecer la resiliencia del entorno.<\/p>\n\n\n\n<p class=\"wp-block-paragraph\">El avance de estas acciones ha sido posible gracias al trabajo conjunto entre guardabosques de La Sauceda y decenas de personas voluntarias, quienes han participado activamente en jornadas de limpieza, adecuaci\u00f3n del terreno y plantaci\u00f3n. Solo en la jornada m\u00e1s reciente se logr\u00f3 plantar m\u00e1s de 800 plantas, de un total de mil 584 ejemplares nativos establecidos para este pol\u00edgono.<\/p>\n\n\n\n<p class=\"wp-block-paragraph\">Los trabajos contin\u00faan este d\u00eda con el prop\u00f3sito de completar la cobertura total del \u00e1rea de reforestaci\u00f3n.<\/p>\n\n\n\n<p class=\"wp-block-paragraph\">Las especies seleccionadas forman parte de una estrategia que privilegia el uso de flora regional, no solo por su valor ecol\u00f3gico, sino tambi\u00e9n por su relevancia en la conservaci\u00f3n de fauna asociada, el aprovechamiento eficiente del agua y la restauraci\u00f3n de suelos. Esta reforestaci\u00f3n contribuye directamente a la recuperaci\u00f3n de los servicios ecosist\u00e9micos del bosque urbano, como la regulaci\u00f3n de temperatura, la captaci\u00f3n de carbono y la generaci\u00f3n de espacios de sombra y bienestar para la comunidad.<\/p>\n\n\n\n<p class=\"wp-block-paragraph\">Con la participaci\u00f3n ciudadana y el trabajo coordinado con el Gobierno de Sonora, se reafirma el compromiso con el cuidado del medio ambiente, el fortalecimiento del tejido social y la construcci\u00f3n de un futuro m\u00e1s verde, sostenible e incluyente para todas y todos.<\/p>\n","protected":false},"excerpt":{"rendered":"<p>El Gobierno de Sonora dio inicio a los trabajos de reforestaci\u00f3n en el pol\u00edgono sureste conocido como \u201cLa Oreja\u201d, zona incorporada al Bosque Urbano La Sauceda, como parte del programa de compensaci\u00f3n ambiental por cambio de uso de suelo de la Comisi\u00f3n Nacional Forestal (Conafor) en el \u00e1rea natural protegida. En este proyecto se est\u00e1n&#8230;<\/p>\n","protected":false},"author":2,"featured_media":66580,"comment_status":"closed","ping_status":"closed","sticky":false,"template":"","format":"standard","meta":{"_crdt_document":"","_exactmetrics_skip_tracking":false,"_exactmetrics_sitenote_active":false,"_exactmetrics_sitenote_note":"","_exactmetrics_sitenote_category":0,"footnotes":""},"categories":[26,37,31,27,84,69],"tags":[71,74,76,30],"class_list":["post-66579","post","type-post","status-publish","format-standard","has-post-thumbnail","hentry","category-local","category-medio-ambiente","category-politica","category-sonora","category-turismo","category-ultimas-noticias","tag-alfonso-durazo","tag-hermosillo","tag-medio-ambiente","tag-sonora-tierra-de-oportunidades"],"_links":{"self":[{"href":"https:\/\/elpajaritonews.com\/index.php?rest_route=\/wp\/v2\/posts\/66579","targetHints":{"allow":["GET"]}}],"collection":[{"href":"https:\/\/elpajaritonews.com\/index.php?rest_route=\/wp\/v2\/posts"}],"about":[{"href":"https:\/\/elpajaritonews.com\/index.php?rest_route=\/wp\/v2\/types\/post"}],"author":[{"embeddable":true,"href":"https:\/\/elpajaritonews.com\/index.php?rest_route=\/wp\/v2\/users\/2"}],"replies":[{"embeddable":true,"href":"https:\/\/elpajaritonews.com\/index.php?rest_route=%2Fwp%2Fv2%2Fcomments&post=66579"}],"version-history":[{"count":1,"href":"https:\/\/elpajaritonews.com\/index.php?rest_route=\/wp\/v2\/posts\/66579\/revisions"}],"predecessor-version":[{"id":66581,"href":"https:\/\/elpajaritonews.com\/index.php?rest_route=\/wp\/v2\/posts\/66579\/revisions\/66581"}],"wp:featuredmedia":[{"embeddable":true,"href":"https:\/\/elpajaritonews.com\/index.php?rest_route=\/wp\/v2\/media\/66580"}],"wp:attachment":[{"href":"https:\/\/elpajaritonews.com\/index.php?rest_route=%2Fwp%2Fv2%2Fmedia&parent=66579"}],"wp:term":[{"taxonomy":"category","embeddable":true,"href":"https:\/\/elpajaritonews.com\/index.php?rest_route=%2Fwp%2Fv2%2Fcategories&post=66579"},{"taxonomy":"post_tag","embeddable":true,"href":"https:\/\/elpajaritonews.com\/index.php?rest_route=%2Fwp%2Fv2%2Ftags&post=66579"}],"curies":[{"name":"wp","href":"https:\/\/api.w.org\/{rel}","templated":true}]}}