{"id":66582,"date":"2025-07-10T14:36:16","date_gmt":"2025-07-10T21:36:16","guid":{"rendered":"https:\/\/elpajaritonews.com\/?p=66582"},"modified":"2025-07-10T14:36:19","modified_gmt":"2025-07-10T21:36:19","slug":"danos-por-lluvias-en-magdalena-de-kino-sonora-previenen-por-ola-de-calor-en-el-norte-de-sonora","status":"publish","type":"post","link":"https:\/\/elpajaritonews.com\/?p=66582","title":{"rendered":"DA\u00d1OS POR LLUVIAS EN MAGDALENA DE KINO, SONORA; PREVIENEN POR OLA DE CALOR EN EL NORTE DE SONORA"},"content":{"rendered":"\n<p class=\"wp-block-paragraph\">El gobierno municipal ha iniciado con los trabajos de retiro de escombros y raspado de arroyos para evitar inundaciones y garantizar la seguridad de la poblaci\u00f3n<\/p>\n\n\n\n<p class=\"wp-block-paragraph\">Ante esta situaci\u00f3n, el gobierno municipal de Magdalena ha iniciado de inmediato los trabajos de retiro de escombros y raspado de arroyos para evitar inundaciones y garantizar la seguridad de la poblaci\u00f3n.<\/p>\n\n\n\n<p class=\"wp-block-paragraph\">Los da\u00f1os ocurrieron en colonia Centro, Polvor\u00edn, y Nuevo Magdalena, entre otros, donde crecieron los arroyos y los vientos volaron algunos techos de l\u00e1mina.<\/p>\n\n\n\n<p class=\"wp-block-paragraph\">El Alcalde Arturo Duarte Valdez inform\u00f3 que ante esta situaci\u00f3n, el gobierno municipal ha iniciado de inmediato los trabajos de retiro de escombro, retiro de \u00e1rboles ca\u00eddos o raspado de arroyos para evitar inundaciones y garantizar la seguridad de la poblaci\u00f3n.<\/p>\n\n\n\n<p class=\"wp-block-paragraph\">Los equipos de Servicios P\u00fablicos y Obras P\u00fablicas, junto con todo el gabinete municipal, est\u00e1n trabajando de manera directa en las zonas afectadas, atendiendo las peticiones ciudadanas y brindando atenci\u00f3n prioritaria a lugares como el Asilo de Ancianos San Antonio, y se ha atendido la Escuela Juan Fenochio, donde se retir\u00f3 un \u00e1rbol.<\/p>\n\n\n\n<p class=\"wp-block-paragraph\">Duarte Valdez destac\u00f3 que la comunidad puede reportar cualquier problema relacionado con la falta de energ\u00eda el\u00e9ctrica directamente a la CFE marcando al 071.<\/p>\n\n\n\n<p class=\"wp-block-paragraph\">Adem\u00e1s, se pueden enviar reportes a trav\u00e9s de las redes sociales, mensajes inbox y al WhatsApp 632 327 4007. En caso de emergencia, es fundamental marcar al 911.<\/p>\n\n\n\n<p class=\"wp-block-paragraph\">El gobierno municipal de Magdalena agradece la paciencia y comprensi\u00f3n de la comunidad y se est\u00e1 organizando para atender de forma eficiente a toda la poblaci\u00f3n.<\/p>\n\n\n\n<p class=\"wp-block-paragraph\">Los equipos de Servicios P\u00fablicos y Obras P\u00fablicas, junto con todo el gabinete municipal, est\u00e1n trabajando de manera directa en las zonas afectadas, atendiendo las peticiones ciudadanas y brindando atenci\u00f3n prioritaria a lugares como el Asilo de Ancianos San Antonio, y se ha atendido la Escuela Juan Fenochio, donde se retir\u00f3 un \u00e1rbol.<\/p>\n\n\n\n<p class=\"wp-block-paragraph\">Duarte Valdez destac\u00f3 que la comunidad puede reportar cualquier problema relacionado con la falta de energ\u00eda el\u00e9ctrica directamente a la CFE marcando al 071.<\/p>\n\n\n\n<p class=\"wp-block-paragraph\">Adem\u00e1s, se pueden enviar reportes a trav\u00e9s de las redes sociales, mensajes inbox y al WhatsApp 632 327 4007. En caso de emergencia, es fundamental marcar al 911.<\/p>\n\n\n\n<p class=\"wp-block-paragraph\">El gobierno municipal de Magdalena agradece la paciencia y comprensi\u00f3n de la comunidad y se est\u00e1 organizando para atender de forma eficiente a toda la poblaci\u00f3n.<\/p>\n","protected":false},"excerpt":{"rendered":"<p>El gobierno municipal ha iniciado con los trabajos de retiro de escombros y raspado de arroyos para evitar inundaciones y garantizar la seguridad de la poblaci\u00f3n Ante esta situaci\u00f3n, el gobierno municipal de Magdalena ha iniciado de inmediato los trabajos de retiro de escombros y raspado de arroyos para evitar inundaciones y garantizar la seguridad&#8230;<\/p>\n","protected":false},"author":2,"featured_media":66583,"comment_status":"closed","ping_status":"closed","sticky":false,"template":"","format":"standard","meta":{"_crdt_document":"","_exactmetrics_skip_tracking":false,"_exactmetrics_sitenote_active":false,"_exactmetrics_sitenote_note":"","_exactmetrics_sitenote_category":0,"footnotes":""},"categories":[37,31,1,27,69],"tags":[71,72,76,28,75],"class_list":["post-66582","post","type-post","status-publish","format-standard","has-post-thumbnail","hentry","category-medio-ambiente","category-politica","category-seguridad","category-sonora","category-ultimas-noticias","tag-alfonso-durazo","tag-claudia-sheinbaum","tag-medio-ambiente","tag-nogales","tag-seguridad-publica"],"_links":{"self":[{"href":"https:\/\/elpajaritonews.com\/index.php?rest_route=\/wp\/v2\/posts\/66582","targetHints":{"allow":["GET"]}}],"collection":[{"href":"https:\/\/elpajaritonews.com\/index.php?rest_route=\/wp\/v2\/posts"}],"about":[{"href":"https:\/\/elpajaritonews.com\/index.php?rest_route=\/wp\/v2\/types\/post"}],"author":[{"embeddable":true,"href":"https:\/\/elpajaritonews.com\/index.php?rest_route=\/wp\/v2\/users\/2"}],"replies":[{"embeddable":true,"href":"https:\/\/elpajaritonews.com\/index.php?rest_route=%2Fwp%2Fv2%2Fcomments&post=66582"}],"version-history":[{"count":1,"href":"https:\/\/elpajaritonews.com\/index.php?rest_route=\/wp\/v2\/posts\/66582\/revisions"}],"predecessor-version":[{"id":66584,"href":"https:\/\/elpajaritonews.com\/index.php?rest_route=\/wp\/v2\/posts\/66582\/revisions\/66584"}],"wp:featuredmedia":[{"embeddable":true,"href":"https:\/\/elpajaritonews.com\/index.php?rest_route=\/wp\/v2\/media\/66583"}],"wp:attachment":[{"href":"https:\/\/elpajaritonews.com\/index.php?rest_route=%2Fwp%2Fv2%2Fmedia&parent=66582"}],"wp:term":[{"taxonomy":"category","embeddable":true,"href":"https:\/\/elpajaritonews.com\/index.php?rest_route=%2Fwp%2Fv2%2Fcategories&post=66582"},{"taxonomy":"post_tag","embeddable":true,"href":"https:\/\/elpajaritonews.com\/index.php?rest_route=%2Fwp%2Fv2%2Ftags&post=66582"}],"curies":[{"name":"wp","href":"https:\/\/api.w.org\/{rel}","templated":true}]}}