{"id":66595,"date":"2025-07-10T20:06:34","date_gmt":"2025-07-11T03:06:34","guid":{"rendered":"https:\/\/elpajaritonews.com\/?p=66595"},"modified":"2025-07-10T20:06:37","modified_gmt":"2025-07-11T03:06:37","slug":"anuncia-trump-aranceles-del-35-a-canada-desde-el-1-de-agosto","status":"publish","type":"post","link":"https:\/\/elpajaritonews.com\/?p=66595","title":{"rendered":"ANUNCIA TRUMP ARANCELES DEL 35% A CANAD\u00c1 DESDE EL 1 DE AGOSTO"},"content":{"rendered":"\n<p class=\"wp-block-paragraph\">Canad\u00e1 enfrentar\u00e1 un arancel de 35 por ciento a sus exportaciones a Estados Unidos a partir del 1 de agosto, anunci\u00f3 el jueves el presidente estadunidense, Donald Trump, en una carta al primer ministro canadiense, Mark Carney.<\/p>\n\n\n\n<p class=\"wp-block-paragraph\">Sin embargo, Carney asegur\u00f3 que su pa\u00eds continuar\u00e1 las \u201ccomplicadas negociaciones\u201d con Estados Unidos.<\/p>\n\n\n\n<p class=\"wp-block-paragraph\">Trump acus\u00f3 al gobierno del pa\u00eds vecino de tomar represalias \u201cen lugar de colaborar\u201d cuando Washington impuso a principios de febrero aranceles de 25 por ciento a las importaciones canadienses -como hizo con M\u00e9xico y de 10 por ciento a las de China- alegando la \u201cgran amenaza de extranjeros ilegales y de las drogas mortales\u201d, en referencia al tr\u00e1fico de fentanilo.<\/p>\n\n\n\n<p class=\"wp-block-paragraph\">\u201cEn lugar de colaborar con Estados Unidos, Canad\u00e1 tom\u00f3 represalias con sus propios grav\u00e1menes\u201d, acus\u00f3 Trump. \u201cA partir del 1 de agosto de 2025, cobraremos a Canad\u00e1 un arancel de 35 por ciento a los productos canadienses enviados a Estados Unidos, aparte de todos los aranceles sectoriales\u201d, dijo en la misiva, publicada en su plataforma Truth Social.<\/p>\n\n\n\n<p class=\"wp-block-paragraph\">\u201cSi por alguna raz\u00f3n deciden aumentar sus aranceles, entonces, el n\u00famero que elijan aumentar, se agregar\u00e1 al 35 por ciento que cobramos\u201d.<\/p>\n\n\n\n<p class=\"wp-block-paragraph\">Adem\u00e1s Trump calific\u00f3 a Canad\u00e1 como \u201cun pa\u00eds con el que es muy dif\u00edcil comerciar\u201d, justificando la medida por las \u201cmuchas pol\u00edticas arancelarias y no arancelarias y barreras comerciales, que causan d\u00e9ficits comerciales insostenibles contra los Estados Unidos\u201d.<\/p>\n\n\n\n<p class=\"wp-block-paragraph\">El mandatario estadunidense afirm\u00f3 que el impuesto a los servicios digitales a las empresas tecnol\u00f3gicas estadunidenses \u201cconstituye un ataque directo y flagrante\u201d.<\/p>\n\n\n\n<p class=\"wp-block-paragraph\">Asimismo asegur\u00f3 que \u201cCanad\u00e1 aplica aranceles extraordinarios a nuestros productores de leche, de hasta 400 por ciento, y eso suponiendo que nuestros productores de leche tengan acceso a vender sus productos a la poblaci\u00f3n de Canad\u00e1\u201d.<\/p>\n\n\n\n<p class=\"wp-block-paragraph\">No obstante, Trump se mostr\u00f3 abierto a modificar el gravamen \u201cal alza o a la baja\u201d si Ottawa \u201ctrabaja conmigo para detener el flujo de fentanilo\u201d.<\/p>\n\n\n\n<p class=\"wp-block-paragraph\">Asimismo se\u00f1al\u00f3 en la misiva que \u201cno habr\u00e1 ning\u00fan arancel si Canad\u00e1 o las empresas de su pa\u00eds deciden construir o fabricar productos dentro de Estados Unidos\u201d, agregando que las autoridades estadunidenses har\u00e1n \u201ctodo lo posible para\u201d autorizar \u201cde forma r\u00e1pida, profesional y rutinaria\u201d el traslado de dichas operaciones. \u201cEn otras palabras, en cuesti\u00f3n de semanas\u201d.<\/p>\n","protected":false},"excerpt":{"rendered":"<p>Canad\u00e1 enfrentar\u00e1 un arancel de 35 por ciento a sus exportaciones a Estados Unidos a partir del 1 de agosto, anunci\u00f3 el jueves el presidente estadunidense, Donald Trump, en una carta al primer ministro canadiense, Mark Carney. Sin embargo, Carney asegur\u00f3 que su pa\u00eds continuar\u00e1 las \u201ccomplicadas negociaciones\u201d con Estados Unidos. Trump acus\u00f3 al gobierno&#8230;<\/p>\n","protected":false},"author":2,"featured_media":66596,"comment_status":"closed","ping_status":"closed","sticky":false,"template":"","format":"standard","meta":{"_crdt_document":"","_exactmetrics_skip_tracking":false,"_exactmetrics_sitenote_active":false,"_exactmetrics_sitenote_note":"","_exactmetrics_sitenote_category":0,"footnotes":""},"categories":[17,36,89,38,24,31,1,27,69],"tags":[116,72,87],"class_list":["post-66595","post","type-post","status-publish","format-standard","has-post-thumbnail","hentry","category-arizona","category-economia","category-estados-unidos","category-migracion","category-mundo","category-politica","category-seguridad","category-sonora","category-ultimas-noticias","tag-canada","tag-claudia-sheinbaum","tag-estados-unidos"],"_links":{"self":[{"href":"https:\/\/elpajaritonews.com\/index.php?rest_route=\/wp\/v2\/posts\/66595","targetHints":{"allow":["GET"]}}],"collection":[{"href":"https:\/\/elpajaritonews.com\/index.php?rest_route=\/wp\/v2\/posts"}],"about":[{"href":"https:\/\/elpajaritonews.com\/index.php?rest_route=\/wp\/v2\/types\/post"}],"author":[{"embeddable":true,"href":"https:\/\/elpajaritonews.com\/index.php?rest_route=\/wp\/v2\/users\/2"}],"replies":[{"embeddable":true,"href":"https:\/\/elpajaritonews.com\/index.php?rest_route=%2Fwp%2Fv2%2Fcomments&post=66595"}],"version-history":[{"count":1,"href":"https:\/\/elpajaritonews.com\/index.php?rest_route=\/wp\/v2\/posts\/66595\/revisions"}],"predecessor-version":[{"id":66597,"href":"https:\/\/elpajaritonews.com\/index.php?rest_route=\/wp\/v2\/posts\/66595\/revisions\/66597"}],"wp:featuredmedia":[{"embeddable":true,"href":"https:\/\/elpajaritonews.com\/index.php?rest_route=\/wp\/v2\/media\/66596"}],"wp:attachment":[{"href":"https:\/\/elpajaritonews.com\/index.php?rest_route=%2Fwp%2Fv2%2Fmedia&parent=66595"}],"wp:term":[{"taxonomy":"category","embeddable":true,"href":"https:\/\/elpajaritonews.com\/index.php?rest_route=%2Fwp%2Fv2%2Fcategories&post=66595"},{"taxonomy":"post_tag","embeddable":true,"href":"https:\/\/elpajaritonews.com\/index.php?rest_route=%2Fwp%2Fv2%2Ftags&post=66595"}],"curies":[{"name":"wp","href":"https:\/\/api.w.org\/{rel}","templated":true}]}}