{"id":66601,"date":"2025-07-11T11:00:32","date_gmt":"2025-07-11T18:00:32","guid":{"rendered":"https:\/\/elpajaritonews.com\/?p=66601"},"modified":"2025-07-11T11:00:38","modified_gmt":"2025-07-11T18:00:38","slug":"carente-de-logica-nuevo-cierre-de-eu-a-exportacion-de-ganado-sheinbaum","status":"publish","type":"post","link":"https:\/\/elpajaritonews.com\/?p=66601","title":{"rendered":"CARENTE DE L\u00d3GICA, NUEVO CIERRE DE EU A EXPORTACI\u00d3N DE GANADO: SHEINBAUM"},"content":{"rendered":"\n<p class=\"wp-block-paragraph\">La presidenta Claudia Sheinbaum Pardo calific\u00f3 este viernes como carente de l\u00f3gica el reciente cierre de la frontera norte de Estados Unidos a la exportaci\u00f3n de ganado en pie proveniente de M\u00e9xico, tras detectarse un ejemplar con gusano barrenador en Veracruz, a m\u00e1s de dos mil kil\u00f3metros de distancia del estado de Sonora, uno de los principales afectados por la medida.<\/p>\n\n\n\n<figure class=\"wp-block-embed is-type-video is-provider-youtube wp-block-embed-youtube wp-embed-aspect-16-9 wp-has-aspect-ratio\"><div class=\"wp-block-embed__wrapper\">\n<iframe loading=\"lazy\" title=\"Conferencia de prensa en vivo. Viernes 11 de julio 2025 | Presidenta Claudia Sheinbaum\" width=\"640\" height=\"360\" src=\"https:\/\/www.youtube.com\/embed\/Fm8lSznF2jw?feature=oembed\" frameborder=\"0\" allow=\"accelerometer; autoplay; clipboard-write; encrypted-media; gyroscope; picture-in-picture; web-share\" referrerpolicy=\"strict-origin-when-cross-origin\" allowfullscreen><\/iframe>\n<\/div><\/figure>\n\n\n\n<p class=\"wp-block-paragraph\">Durante su conferencia matutina en Palacio Nacional, Sheinbaum asegur\u00f3 que su gobierno est\u00e1 tomando todas las medidas necesarias para contener y erradicar la plaga, de acuerdo con los protocolos cient\u00edficos internacionales. \u201cSe est\u00e1 haciendo todo lo t\u00e9cnicamente posible y necesario para evitar que el gusano barrenador pueda avanzar hacia el norte. Todo lo que dicta la ciencia para poder contenerlo se est\u00e1 haciendo\u201d, afirm\u00f3.<\/p>\n\n\n\n<p class=\"wp-block-paragraph\">La presidenta adelant\u00f3 que en su pr\u00f3xima visita a Sonora, donde inaugurar\u00e1 un hospital, se reunir\u00e1 con el gobernador Alfonso Durazo para evaluar las afectaciones econ\u00f3micas que esta decisi\u00f3n estadunidense ha provocado, en particular en ese estado ganadero. Subray\u00f3 que, aunque el impacto se siente en todo el norte del pa\u00eds, Sonora ha sido especialmente afectado.<\/p>\n\n\n\n<p class=\"wp-block-paragraph\">Sheinbaum indic\u00f3 que el secretario de Agricultura y Desarrollo Rural ya se encuentra en di\u00e1logo con productores ganaderos y que el objetivo principal es lograr la reapertura de la frontera para la exportaci\u00f3n pecuaria. \u201cSe encontr\u00f3 un ejemplar con gusano barrenador en Veracruz y se decide cerrar en Sonora, que est\u00e1 a dos mil trescientos kil\u00f3metros. Por eso decimos: no tiene l\u00f3gica\u201d, enfatiz\u00f3.<\/p>\n\n\n\n<p class=\"wp-block-paragraph\">Asegur\u00f3 que los equipos t\u00e9cnicos de ambos pa\u00edses est\u00e1n trabajando de manera coordinada para resolver el problema, pero insisti\u00f3 en que la decisi\u00f3n debe analizarse desde una perspectiva t\u00e9cnica y cient\u00edfica, no pol\u00edtica.<\/p>\n\n\n\n<p class=\"wp-block-paragraph\">Insisten gobiernos y ganaderos de Sonora y Chiahuahua con abrir la frontera ganadera<\/p>\n\n\n\n<p class=\"wp-block-paragraph\">El gobernador Alfonso Durazo Monta\u00f1o, expres\u00f3 su confianza en que Sonora pueda ser el primer estado del pa\u00eds en recuperar la exportaci\u00f3n de ganado hacia Estados Unidos, incluso una excepci\u00f3n por cumplir los protocolos sanitarios, luego de que la frontera ganadera fuera nuevamente cerrada como medida preventiva por la detecci\u00f3n de nuevos casos de gusano barrenador en entidades del sur de M\u00e9xico.<\/p>\n\n\n\n<p class=\"wp-block-paragraph\">\u201cLamentablemente se registraron dos casos de gusano barrenador en los estados del sur del pa\u00eds. El estado de Sonora, como ustedes saben, cuenta con un estatus sanitario privilegiado, pero estas son medidas preventivas para evitar que avance el gusano barrenador hacia el norte del pa\u00eds. Me parece que en el estado de Sonora debe hacerse una excepci\u00f3n, ya que hist\u00f3ricamente no tiene ning\u00fan caso relacionado. Espero que, al ser el primer estado en cumplir con todos los protocolos cient\u00edficos, se establezca una metodolog\u00eda que garantice la sanidad y podamos abrir la frontera por el bien de la ganader\u00eda\u201d, declar\u00f3 el mandatario estatal.<\/p>\n","protected":false},"excerpt":{"rendered":"<p>La presidenta Claudia Sheinbaum Pardo calific\u00f3 este viernes como carente de l\u00f3gica el reciente cierre de la frontera norte de Estados Unidos a la exportaci\u00f3n de ganado en pie proveniente de M\u00e9xico, tras detectarse un ejemplar con gusano barrenador en Veracruz, a m\u00e1s de dos mil kil\u00f3metros de distancia del estado de Sonora, uno de&#8230;<\/p>\n","protected":false},"author":2,"featured_media":66602,"comment_status":"closed","ping_status":"closed","sticky":false,"template":"","format":"standard","meta":{"_crdt_document":"","_exactmetrics_skip_tracking":false,"_exactmetrics_sitenote_active":false,"_exactmetrics_sitenote_note":"","_exactmetrics_sitenote_category":0,"footnotes":""},"categories":[17,36,89,26,37,23,38,31,32,1,27,69,65],"tags":[71,72,74,76,28,75],"class_list":["post-66601","post","type-post","status-publish","format-standard","has-post-thumbnail","hentry","category-arizona","category-economia","category-estados-unidos","category-local","category-medio-ambiente","category-mexico","category-migracion","category-politica","category-salud","category-seguridad","category-sonora","category-ultimas-noticias","category-videos","tag-alfonso-durazo","tag-claudia-sheinbaum","tag-hermosillo","tag-medio-ambiente","tag-nogales","tag-seguridad-publica"],"_links":{"self":[{"href":"https:\/\/elpajaritonews.com\/index.php?rest_route=\/wp\/v2\/posts\/66601","targetHints":{"allow":["GET"]}}],"collection":[{"href":"https:\/\/elpajaritonews.com\/index.php?rest_route=\/wp\/v2\/posts"}],"about":[{"href":"https:\/\/elpajaritonews.com\/index.php?rest_route=\/wp\/v2\/types\/post"}],"author":[{"embeddable":true,"href":"https:\/\/elpajaritonews.com\/index.php?rest_route=\/wp\/v2\/users\/2"}],"replies":[{"embeddable":true,"href":"https:\/\/elpajaritonews.com\/index.php?rest_route=%2Fwp%2Fv2%2Fcomments&post=66601"}],"version-history":[{"count":1,"href":"https:\/\/elpajaritonews.com\/index.php?rest_route=\/wp\/v2\/posts\/66601\/revisions"}],"predecessor-version":[{"id":66603,"href":"https:\/\/elpajaritonews.com\/index.php?rest_route=\/wp\/v2\/posts\/66601\/revisions\/66603"}],"wp:featuredmedia":[{"embeddable":true,"href":"https:\/\/elpajaritonews.com\/index.php?rest_route=\/wp\/v2\/media\/66602"}],"wp:attachment":[{"href":"https:\/\/elpajaritonews.com\/index.php?rest_route=%2Fwp%2Fv2%2Fmedia&parent=66601"}],"wp:term":[{"taxonomy":"category","embeddable":true,"href":"https:\/\/elpajaritonews.com\/index.php?rest_route=%2Fwp%2Fv2%2Fcategories&post=66601"},{"taxonomy":"post_tag","embeddable":true,"href":"https:\/\/elpajaritonews.com\/index.php?rest_route=%2Fwp%2Fv2%2Ftags&post=66601"}],"curies":[{"name":"wp","href":"https:\/\/api.w.org\/{rel}","templated":true}]}}