{"id":66657,"date":"2025-07-15T17:10:19","date_gmt":"2025-07-16T00:10:19","guid":{"rendered":"https:\/\/elpajaritonews.com\/?p=66657"},"modified":"2025-07-15T17:10:28","modified_gmt":"2025-07-16T00:10:28","slug":"ya-se-interpuso-demanda-contra-abogado-de-ovidio-acusaciones-ya-no-son-tema-claudia-sheinbaum","status":"publish","type":"post","link":"https:\/\/elpajaritonews.com\/?p=66657","title":{"rendered":"YA SE INTERPUSO DEMANDA CONTRA ABOGADO DE OVIDIO; ACUSACIONES YA NO SON TEMA: CLAUDIA SHEINBAUM"},"content":{"rendered":"\n<p class=\"wp-block-paragraph\">Las acusaciones y ataques de parte de abogados de narcotraficantes en Estados Unidos contra la presidenta de M\u00e9xico, Claudia Sheinbaum, \u201cya no es tema\u201d, asever\u00f3 la misma jefa del Ejecutivo.<\/p>\n\n\n\n<p class=\"wp-block-paragraph\">No obstante, inform\u00f3 que ya se puso la demanda contra Jeffrey Lichtman, abogado de Ovidio Guzm\u00e1n, hijo de Joaqu\u00edn El Chapo Guzm\u00e1n, por difamaci\u00f3n, luego de las declaraciones que hizo despu\u00e9s de que su cliente se declar\u00f3 culpable de 4 cargos, en Chicago, Estados Unidos, como parte de un acuerdo.<\/p>\n\n\n\n<figure class=\"wp-block-image size-full\"><img loading=\"lazy\" decoding=\"async\" width=\"757\" height=\"495\" src=\"https:\/\/elpajaritonews.com\/wp-content\/uploads\/2025\/07\/fdfdfdf-1.jpg\" alt=\"\" class=\"wp-image-66659\" srcset=\"https:\/\/elpajaritonews.com\/wp-content\/uploads\/2025\/07\/fdfdfdf-1.jpg 757w, https:\/\/elpajaritonews.com\/wp-content\/uploads\/2025\/07\/fdfdfdf-1-300x196.jpg 300w\" sizes=\"auto, (max-width: 757px) 100vw, 757px\" \/><\/figure>\n\n\n\n<p class=\"wp-block-paragraph\">\u201cSe requiere autoridad moral y pol\u00edtica para gobernar y estar a la altura de nuestro pueblo, entonces la certeza de esa autoridad, por mi habla la historia\u201d, afirm\u00f3 para dar carpetazo a ese tema.<\/p>\n\n\n\n<p class=\"wp-block-paragraph\">Durante la conferencia ma\u00f1anera, lament\u00f3 que tanto las declaraciones del abogado de Ovidio como el tema de los aranceles sea aprovechado por la oposici\u00f3n para empa\u00f1ar a su gobierno.<\/p>\n\n\n\n<p class=\"wp-block-paragraph\">\u201cEs una oposici\u00f3n antipatriota y muy hip\u00f3crita\u201d, afirm\u00f3 tras se\u00f1alar que han aprovechado las difamaciones de Lichtman para demeritar las acciones de su gobierno.<\/p>\n\n\n\n<p class=\"wp-block-paragraph\">Se\u00f1al\u00f3 que la oposici\u00f3n en M\u00e9xico desea que Estados Unidos ponga el 30 por ciento de aranceles y en vez de apoyar al pa\u00eds buscan c\u00f3mo hacerle da\u00f1o, pues no dice c\u00f3mo ayudar. \u201cEllos lo que buscan es el fracaso de nuestro movimiento\u201d.<\/p>\n\n\n\n<figure class=\"wp-block-image size-full\"><img loading=\"lazy\" decoding=\"async\" width=\"810\" height=\"464\" src=\"https:\/\/elpajaritonews.com\/wp-content\/uploads\/2025\/07\/fdde.jpg\" alt=\"\" class=\"wp-image-66660\" srcset=\"https:\/\/elpajaritonews.com\/wp-content\/uploads\/2025\/07\/fdde.jpg 810w, https:\/\/elpajaritonews.com\/wp-content\/uploads\/2025\/07\/fdde-300x172.jpg 300w, https:\/\/elpajaritonews.com\/wp-content\/uploads\/2025\/07\/fdde-768x440.jpg 768w\" sizes=\"auto, (max-width: 810px) 100vw, 810px\" \/><\/figure>\n\n\n\n<p class=\"wp-block-paragraph\">Reproch\u00f3 que no hablen del sexenio de Felipe Calder\u00f3n o el de Enrique Pe\u00f1a y no expliquen como fue posible que aumentaran cinco veces los homicidios de 2006 a 2018 cinco veces y que despu\u00e9s cambio la tendencia.<\/p>\n","protected":false},"excerpt":{"rendered":"<p>Las acusaciones y ataques de parte de abogados de narcotraficantes en Estados Unidos contra la presidenta de M\u00e9xico, Claudia Sheinbaum, \u201cya no es tema\u201d, asever\u00f3 la misma jefa del Ejecutivo. No obstante, inform\u00f3 que ya se puso la demanda contra Jeffrey Lichtman, abogado de Ovidio Guzm\u00e1n, hijo de Joaqu\u00edn El Chapo Guzm\u00e1n, por difamaci\u00f3n, luego&#8230;<\/p>\n","protected":false},"author":2,"featured_media":66658,"comment_status":"closed","ping_status":"closed","sticky":false,"template":"","format":"standard","meta":{"_crdt_document":"","_exactmetrics_skip_tracking":false,"_exactmetrics_sitenote_active":false,"_exactmetrics_sitenote_note":"","_exactmetrics_sitenote_category":0,"footnotes":""},"categories":[17,89,88,23,31,1,27,69],"tags":[71,72,74,75],"class_list":["post-66657","post","type-post","status-publish","format-standard","has-post-thumbnail","hentry","category-arizona","category-estados-unidos","category-justicia","category-mexico","category-politica","category-seguridad","category-sonora","category-ultimas-noticias","tag-alfonso-durazo","tag-claudia-sheinbaum","tag-hermosillo","tag-seguridad-publica"],"_links":{"self":[{"href":"https:\/\/elpajaritonews.com\/index.php?rest_route=\/wp\/v2\/posts\/66657","targetHints":{"allow":["GET"]}}],"collection":[{"href":"https:\/\/elpajaritonews.com\/index.php?rest_route=\/wp\/v2\/posts"}],"about":[{"href":"https:\/\/elpajaritonews.com\/index.php?rest_route=\/wp\/v2\/types\/post"}],"author":[{"embeddable":true,"href":"https:\/\/elpajaritonews.com\/index.php?rest_route=\/wp\/v2\/users\/2"}],"replies":[{"embeddable":true,"href":"https:\/\/elpajaritonews.com\/index.php?rest_route=%2Fwp%2Fv2%2Fcomments&post=66657"}],"version-history":[{"count":1,"href":"https:\/\/elpajaritonews.com\/index.php?rest_route=\/wp\/v2\/posts\/66657\/revisions"}],"predecessor-version":[{"id":66661,"href":"https:\/\/elpajaritonews.com\/index.php?rest_route=\/wp\/v2\/posts\/66657\/revisions\/66661"}],"wp:featuredmedia":[{"embeddable":true,"href":"https:\/\/elpajaritonews.com\/index.php?rest_route=\/wp\/v2\/media\/66658"}],"wp:attachment":[{"href":"https:\/\/elpajaritonews.com\/index.php?rest_route=%2Fwp%2Fv2%2Fmedia&parent=66657"}],"wp:term":[{"taxonomy":"category","embeddable":true,"href":"https:\/\/elpajaritonews.com\/index.php?rest_route=%2Fwp%2Fv2%2Fcategories&post=66657"},{"taxonomy":"post_tag","embeddable":true,"href":"https:\/\/elpajaritonews.com\/index.php?rest_route=%2Fwp%2Fv2%2Ftags&post=66657"}],"curies":[{"name":"wp","href":"https:\/\/api.w.org\/{rel}","templated":true}]}}