{"id":66702,"date":"2025-07-19T14:22:49","date_gmt":"2025-07-19T21:22:49","guid":{"rendered":"https:\/\/elpajaritonews.com\/?p=66702"},"modified":"2025-07-19T14:22:53","modified_gmt":"2025-07-19T21:22:53","slug":"pide-diana-karina-barreras-al-tribunal-electoral-parar-disculpas-de-30-dias-a-karla-estrella-el-agravio-quedo-saldado","status":"publish","type":"post","link":"https:\/\/elpajaritonews.com\/?p=66702","title":{"rendered":"PIDE DIANA KARINA BARRERAS AL TRIBUNAL ELECTORAL \u2018PARAR\u2019 DISCULPAS DE 30 D\u00cdAS A KARLA ESTRELLA: \u2018EL AGRAVIO QUED\u00d3 SALDADO\u2019"},"content":{"rendered":"\n<p class=\"wp-block-paragraph\">La diputada local Diana Karina Barreras pidi\u00f3 al Tribunal Estatal Electoral de Sonora reconsiderar la medida impuesta a la ciudadana Karla Estrella Murrieta, quien fue obligada a ofrecer disculpas p\u00fablicas durante 30 d\u00edas consecutivos por comentarios considerados como violencia pol\u00edtica en raz\u00f3n de g\u00e9nero.<\/p>\n\n\n\n<p class=\"wp-block-paragraph\">A trav\u00e9s de un mensaje p\u00fablico, Barreras afirm\u00f3 que, desde la primera vez que se le ofreci\u00f3 una disculpa, fue suficiente para ella.<\/p>\n\n\n\n<p class=\"wp-block-paragraph\">\u201cNi siquiera necesitaba que fuera p\u00fablica; lo que realmente me importaba era el reconocimiento de la vulneraci\u00f3n que sent\u00ed. Lo que se dijo sobre m\u00ed jam\u00e1s se habr\u00eda dicho de un hombre\u201d, expres\u00f3 la legisladora, al referirse a la afirmaci\u00f3n de que su carrera pol\u00edtica era resultado de su vida personal.<\/p>\n\n\n\n<p class=\"wp-block-paragraph\">\u201cHist\u00f3ricamente, el argumento de que los logros de las mujeres son producto de \u2018estar casadas con alguien\u2019 se ha utilizado para invisibilizar nuestros m\u00e9ritos, nuestro trabajo y nuestras trayectorias\u201d, agreg\u00f3.<\/p>\n\n\n\n<p class=\"wp-block-paragraph\">Barreras subray\u00f3 su convicci\u00f3n tanto en la libertad de expresi\u00f3n como en el derecho de vivir sin violencia.<\/p>\n\n\n\n<p class=\"wp-block-paragraph\">\u201cEn un mundo donde las redes sociales amplifican lo emocional, iremos aprendiendo juntos c\u00f3mo compaginar estos dos derechos\u201d, se\u00f1al\u00f3, y llam\u00f3 a abrir el di\u00e1logo y construir espacios de entendimiento y respeto.<\/p>\n\n\n\n<p class=\"wp-block-paragraph\">La diputada tambi\u00e9n reconoci\u00f3 la capacidad de las personas para aprender y rectificar.<\/p>\n\n\n\n<p class=\"wp-block-paragraph\">\u201cPor ello, solicito al tribunal que considere lo que hoy expreso p\u00fablicamente. Si bien agradezco que se haya reconocido que esto constituy\u00f3 violencia pol\u00edtica en raz\u00f3n de g\u00e9nero, coincido en que desde la primera disculpa el agravio qued\u00f3 saldado\u201d, declar\u00f3.<\/p>\n\n\n\n<p class=\"wp-block-paragraph\">Finalmente, Barreras dio por concluido el proceso legal con un mensaje de serenidad: \u201cLo cierro con la tranquilidad de haberme defendido sin agredir, con los medios legales que la ley me otorga; de haber puesto un l\u00edmite sin renunciar al di\u00e1logo\u201d, concluy\u00f3.<\/p>\n\n\n\n<p class=\"wp-block-paragraph\">Tambi\u00e9n reafirm\u00f3 su compromiso con la erradicaci\u00f3n de todo tipo de violencia hacia las mujeres.<\/p>\n\n\n\n<p class=\"wp-block-paragraph\">Post:<\/p>\n\n\n\n<figure class=\"wp-block-embed is-type-rich is-provider-twitter wp-block-embed-twitter\"><div class=\"wp-block-embed__wrapper\">\n<blockquote class=\"twitter-tweet\" data-width=\"550\" data-dnt=\"true\"><p lang=\"es\" dir=\"ltr\">Desde la primera vez que se ofreci\u00f3 una disculpa, para m\u00ed fue suficiente. Ni siquiera necesitaba que fuera p\u00fablica; lo que realmente me importaba era el reconocimiento de la vulneraci\u00f3n que sent\u00ed. Lo que se dijo sobre m\u00ed jam\u00e1s se habr\u00eda dicho de un hombre. Hist\u00f3ricamente, el\u2026<\/p>&mdash; Diana Karina Barreras (@DianaKarinaBa) <a href=\"https:\/\/twitter.com\/DianaKarinaBa\/status\/1946663291415044544?ref_src=twsrc%5Etfw\">July 19, 2025<\/a><\/blockquote><script async src=\"https:\/\/platform.twitter.com\/widgets.js\" charset=\"utf-8\"><\/script>\n<\/div><\/figure>\n","protected":false},"excerpt":{"rendered":"<p>La diputada local Diana Karina Barreras pidi\u00f3 al Tribunal Estatal Electoral de Sonora reconsiderar la medida impuesta a la ciudadana Karla Estrella Murrieta, quien fue obligada a ofrecer disculpas p\u00fablicas durante 30 d\u00edas consecutivos por comentarios considerados como violencia pol\u00edtica en raz\u00f3n de g\u00e9nero. A trav\u00e9s de un mensaje p\u00fablico, Barreras afirm\u00f3 que, desde la&#8230;<\/p>\n","protected":false},"author":2,"featured_media":66703,"comment_status":"closed","ping_status":"closed","sticky":false,"template":"","format":"standard","meta":{"_crdt_document":"","_exactmetrics_skip_tracking":false,"_exactmetrics_sitenote_active":false,"_exactmetrics_sitenote_note":"","_exactmetrics_sitenote_category":0,"footnotes":""},"categories":[20,80,26,23,31,1,27,69],"tags":[71,72,74,28],"class_list":["post-66702","post","type-post","status-publish","format-standard","has-post-thumbnail","hentry","category-congreso","category-derechos-humanos","category-local","category-mexico","category-politica","category-seguridad","category-sonora","category-ultimas-noticias","tag-alfonso-durazo","tag-claudia-sheinbaum","tag-hermosillo","tag-nogales"],"_links":{"self":[{"href":"https:\/\/elpajaritonews.com\/index.php?rest_route=\/wp\/v2\/posts\/66702","targetHints":{"allow":["GET"]}}],"collection":[{"href":"https:\/\/elpajaritonews.com\/index.php?rest_route=\/wp\/v2\/posts"}],"about":[{"href":"https:\/\/elpajaritonews.com\/index.php?rest_route=\/wp\/v2\/types\/post"}],"author":[{"embeddable":true,"href":"https:\/\/elpajaritonews.com\/index.php?rest_route=\/wp\/v2\/users\/2"}],"replies":[{"embeddable":true,"href":"https:\/\/elpajaritonews.com\/index.php?rest_route=%2Fwp%2Fv2%2Fcomments&post=66702"}],"version-history":[{"count":1,"href":"https:\/\/elpajaritonews.com\/index.php?rest_route=\/wp\/v2\/posts\/66702\/revisions"}],"predecessor-version":[{"id":66704,"href":"https:\/\/elpajaritonews.com\/index.php?rest_route=\/wp\/v2\/posts\/66702\/revisions\/66704"}],"wp:featuredmedia":[{"embeddable":true,"href":"https:\/\/elpajaritonews.com\/index.php?rest_route=\/wp\/v2\/media\/66703"}],"wp:attachment":[{"href":"https:\/\/elpajaritonews.com\/index.php?rest_route=%2Fwp%2Fv2%2Fmedia&parent=66702"}],"wp:term":[{"taxonomy":"category","embeddable":true,"href":"https:\/\/elpajaritonews.com\/index.php?rest_route=%2Fwp%2Fv2%2Fcategories&post=66702"},{"taxonomy":"post_tag","embeddable":true,"href":"https:\/\/elpajaritonews.com\/index.php?rest_route=%2Fwp%2Fv2%2Ftags&post=66702"}],"curies":[{"name":"wp","href":"https:\/\/api.w.org\/{rel}","templated":true}]}}