{"id":66705,"date":"2025-07-19T20:35:10","date_gmt":"2025-07-20T03:35:10","guid":{"rendered":"https:\/\/elpajaritonews.com\/?p=66705"},"modified":"2025-07-19T20:35:14","modified_gmt":"2025-07-20T03:35:14","slug":"cumple-gobernador-durazo-a-trabajadores-de-la-salud-avanza-solucion-a-demandas-laborales","status":"publish","type":"post","link":"https:\/\/elpajaritonews.com\/?p=66705","title":{"rendered":"CUMPLE GOBERNADOR DURAZO A TRABAJADORES DE LA SALUD; AVANZA SOLUCI\u00d3N A DEMANDAS LABORALES"},"content":{"rendered":"\n<p class=\"wp-block-paragraph\">\u2022 El gobernador Alfonso Durazo avanza en la atenci\u00f3n y soluci\u00f3n de las demandas laborales del sector salud, como parte del compromiso asumido con el personal eventual. Estas acciones garantizan el acceso a servicios m\u00e9dicos, prestaciones sociales y derechos laborales conforme a la ley para trabajadoras y trabajadores de la Secretar\u00eda de Salud y comisionados al IMSS-Bienestar.<\/p>\n\n\n\n<p class=\"wp-block-paragraph\">\u2022 Con ello, el mandatario reafirma su compromiso con la justicia laboral, el bienestar del personal de salud y la creaci\u00f3n de entornos laborales dignos y seguros.<\/p>\n\n\n\n<p class=\"wp-block-paragraph\">En respuesta a la solicitud de mejores condiciones laborales y estabilidad para el personal del sector salud, el gobernador Alfonso Durazo Monta\u00f1o contin\u00faa avanzando en la soluci\u00f3n de demandas hist\u00f3ricas, como parte del compromiso asumido con las y los trabajadores eventuales.<\/p>\n\n\n\n<p class=\"wp-block-paragraph\">El mandatario estatal subray\u00f3 que se est\u00e1 dignificando el empleo p\u00fablico en salud, garantizando que el personal eventual de la Secretar\u00eda de Salud y comisionado al IMSS-Bienestar tenga acceso pleno a servicios m\u00e9dicos, prestaciones sociales y derechos laborales conforme a la ley.<\/p>\n\n\n\n<p class=\"wp-block-paragraph\">Uno de los logros m\u00e1s relevantes es la incorporaci\u00f3n al r\u00e9gimen de seguridad social de 2 mil 929 trabajadoras y trabajadores del sector salud.<\/p>\n\n\n\n<p class=\"wp-block-paragraph\">Este proceso, iniciado en julio, se lleva a cabo ante la Subdirecci\u00f3n de Afiliaci\u00f3n y Vigencia de Derechos, adscrita a la Direcci\u00f3n Normativa de Inversiones y Recaudaciones del Issste, e incluye al personal de las ramas m\u00e9dica, param\u00e9dica, af\u00edn y administrativa.<\/p>\n\n\n\n<p class=\"wp-block-paragraph\">Con estas acciones, el gobernador Durazo reafirma su compromiso con la justicia laboral, el bienestar del personal de salud y la consolidaci\u00f3n de un sistema p\u00fablico con condiciones laborales dignas.<\/p>\n\n\n\n<p class=\"wp-block-paragraph\">Adem\u00e1s de brindar mayor certidumbre a cerca de 3 mil personas, esta incorporaci\u00f3n fortalece al sistema estatal de salud al asegurar estabilidad para quienes cuidan todos los d\u00edas de la salud de las y los sonorenses.<\/p>\n","protected":false},"excerpt":{"rendered":"<p>\u2022 El gobernador Alfonso Durazo avanza en la atenci\u00f3n y soluci\u00f3n de las demandas laborales del sector salud, como parte del compromiso asumido con el personal eventual. Estas acciones garantizan el acceso a servicios m\u00e9dicos, prestaciones sociales y derechos laborales conforme a la ley para trabajadoras y trabajadores de la Secretar\u00eda de Salud y comisionados&#8230;<\/p>\n","protected":false},"author":2,"featured_media":66706,"comment_status":"closed","ping_status":"closed","sticky":false,"template":"","format":"standard","meta":{"_crdt_document":"","_exactmetrics_skip_tracking":false,"_exactmetrics_sitenote_active":false,"_exactmetrics_sitenote_note":"","_exactmetrics_sitenote_category":0,"footnotes":""},"categories":[36,31,32,27,69],"tags":[71,72,30],"class_list":["post-66705","post","type-post","status-publish","format-standard","has-post-thumbnail","hentry","category-economia","category-politica","category-salud","category-sonora","category-ultimas-noticias","tag-alfonso-durazo","tag-claudia-sheinbaum","tag-sonora-tierra-de-oportunidades"],"_links":{"self":[{"href":"https:\/\/elpajaritonews.com\/index.php?rest_route=\/wp\/v2\/posts\/66705","targetHints":{"allow":["GET"]}}],"collection":[{"href":"https:\/\/elpajaritonews.com\/index.php?rest_route=\/wp\/v2\/posts"}],"about":[{"href":"https:\/\/elpajaritonews.com\/index.php?rest_route=\/wp\/v2\/types\/post"}],"author":[{"embeddable":true,"href":"https:\/\/elpajaritonews.com\/index.php?rest_route=\/wp\/v2\/users\/2"}],"replies":[{"embeddable":true,"href":"https:\/\/elpajaritonews.com\/index.php?rest_route=%2Fwp%2Fv2%2Fcomments&post=66705"}],"version-history":[{"count":1,"href":"https:\/\/elpajaritonews.com\/index.php?rest_route=\/wp\/v2\/posts\/66705\/revisions"}],"predecessor-version":[{"id":66707,"href":"https:\/\/elpajaritonews.com\/index.php?rest_route=\/wp\/v2\/posts\/66705\/revisions\/66707"}],"wp:featuredmedia":[{"embeddable":true,"href":"https:\/\/elpajaritonews.com\/index.php?rest_route=\/wp\/v2\/media\/66706"}],"wp:attachment":[{"href":"https:\/\/elpajaritonews.com\/index.php?rest_route=%2Fwp%2Fv2%2Fmedia&parent=66705"}],"wp:term":[{"taxonomy":"category","embeddable":true,"href":"https:\/\/elpajaritonews.com\/index.php?rest_route=%2Fwp%2Fv2%2Fcategories&post=66705"},{"taxonomy":"post_tag","embeddable":true,"href":"https:\/\/elpajaritonews.com\/index.php?rest_route=%2Fwp%2Fv2%2Ftags&post=66705"}],"curies":[{"name":"wp","href":"https:\/\/api.w.org\/{rel}","templated":true}]}}