{"id":66723,"date":"2025-07-22T10:26:24","date_gmt":"2025-07-22T17:26:24","guid":{"rendered":"https:\/\/elpajaritonews.com\/?p=66723"},"modified":"2025-07-22T10:26:27","modified_gmt":"2025-07-22T17:26:27","slug":"ofrece-imss-disculpa-publica-a-familiares-de-mujer-fallecida-por-negligencia-medica-en-chiapas","status":"publish","type":"post","link":"https:\/\/elpajaritonews.com\/?p=66723","title":{"rendered":"OFRECE IMSS DISCULPA P\u00daBLICA A FAMILIARES DE MUJER FALLECIDA POR NEGLIGENCIA M\u00c9DICA EN CHIAPAS"},"content":{"rendered":"\n<p class=\"wp-block-paragraph\">El Instituto Mexicano del Seguro Social (IMSS), ofreci\u00f3 una disculpa p\u00fablica a los familiares de Marisol Martir\u00edz Guzm\u00e1n, originaria de El Salvador, quien falleci\u00f3 hace 10 a\u00f1os, a causa de negligencia m\u00e9dica, y se comprometi\u00f3 a mejorar la atenci\u00f3n a los pacientes.<\/p>\n\n\n\n<p class=\"wp-block-paragraph\">Presente en el acto que se llev\u00f3 a cabo en un sal\u00f3n del ayuntamiento, su esposo, Miceli Eduardo G\u00f3mez Hern\u00e1ndez dijo que no acepta la disculpa porque no lleg\u00f3 el director general, Zo\u00e9 Robledo, no se hizo en un sitio p\u00fablico y porque no se han tomado las medidas para la no repetici\u00f3n de los hechos.<\/p>\n\n\n\n<p class=\"wp-block-paragraph\">La disculpa ofrecida por el IMSS se dio como resultado de una propuesta de conciliaci\u00f3n de la Comisi\u00f3n Nacional de Derechos Humanos (CNDH), \u201cpor la inadecuada atenci\u00f3n de servidores p\u00fablicos del Instituto\u201d, de fecha 14 de diciembre de 2018, que contiene 11 puntos.<\/p>\n\n\n\n<p class=\"wp-block-paragraph\">Por el IMSS acudi\u00f3, entre otros, Ram\u00f3n Narv\u00e1ez, coordinador de atenci\u00f3n a quejas y casos especiales nivel central, y la disculpa p\u00fablica fue dada por Guadalupe Inocencio Hern\u00e1ndez Vaquerizo, director del hospital rural de Bochil, municipio situado en el norte de Chiapas.<\/p>\n\n\n\n<p class=\"wp-block-paragraph\">\u201cEste acto tiene como finalidad el reconocimiento de responsabilidad por parte del IMSS de las violaciones a los derechos humanos que se cometieron en contra\u201d de Marisol Mart\u00edriz Guzm\u00e1n, as\u00ed como de su familia, en cumplimiento a lo ordenado por la CNDH, como medida de satisfacci\u00f3n, en el marco de la reparaci\u00f3n integral del da\u00f1o y en este d\u00eda tan significativo, en que se conmemoran 10 a\u00f1os del fallecimiento de la salvadore\u00f1a, dijo.<\/p>\n\n\n\n<p class=\"wp-block-paragraph\">\u201cEl IMSS, con todo respeto, reconoce su responsabilidad y expresa su m\u00e1s sincera disculpa\u201d a Miceli Eduardo G\u00f3mez Hern\u00e1ndez, a sus hijos: Catherine Nereida, Cristian Eduardo y Yahir El\u00edas G\u00f3mez Mart\u00edriz; a Nereida Beatriz Hern\u00e1ndez Torres, madre de Miceli, as\u00ed como a toda la familia de Marisol Mart\u00edriz, \u201cpor la atenci\u00f3n m\u00e9dica que se le brind\u00f3 en 2015 y que culmin\u00f3 en su lamentable fallecimiento\u201d, a\u00f1adi\u00f3.<\/p>\n\n\n\n<p class=\"wp-block-paragraph\">El IMSS reconoci\u00f3 que hace ya 10 a\u00f1os, \u201cse vulneraron los derechos a la protecci\u00f3n a la salud y a la vida de Marisol Mart\u00edriz y su hija, ya que el servicio m\u00e9dico que se les otorg\u00f3 no fue adecuado a sus necesidades. No obstante, lo que se busca ahora es fortalecer los lazos con la comunidad y devolver el car\u00e1cter social que caracteriza a este Instituto, lo cual parte del reconocimiento de errores pasados, y el trabajo conjunto, sociedad y gobierno, para la atenci\u00f3n de los retos que podamos enfrentar\u201d.<\/p>\n\n\n\n<p class=\"wp-block-paragraph\">Fundar, un Centro de An\u00e1lisis e Investigaci\u00f3n que acompa\u00f1\u00f3 a Miceli y su familia durante el proceso para que se llegara a la disculpa p\u00fablica, explic\u00f3 que Marisol ten\u00eda 30 a\u00f1os cuando muri\u00f3 el 20 de julio de 2015; llevaba 12 a\u00f1os viviendo Bochil con su pareja y sus hijos: una ni\u00f1a de 10 a\u00f1os y dos ni\u00f1os de 8 y 2 a\u00f1os en aquel momento. Cursaba su cuarto embarazo y por negligencia m\u00e9dica fallecieron ella y su hija que naci\u00f3 muerta.<\/p>\n\n\n\n<p class=\"wp-block-paragraph\">Al tomar la palabra este lunes, Miceli afirm\u00f3 que \u201ctuvieron que pasar 10 largos a\u00f1os para que lleg\u00e1ramos hasta aqu\u00ed por nuestra lucha y guerra de d\u00eda a d\u00eda. Este acto de disculpa es importante, pero no suficiente porque no se han cumplido las medidas, ya que a\u00fan, despu\u00e9s de 10 a\u00f1os, seguimos en pie de guerra para que las futuras mam\u00e1s no pasen por lo que pas\u00f3 mi esposa\u201d.<\/p>\n\n\n\n<p class=\"wp-block-paragraph\">Adem\u00e1s, agreg\u00f3, \u201cla disculpa p\u00fablica se dio en un espacio que no es como tal un acto p\u00fablico, sino un acto privado; no dignifica la memoria de Marisol porque ni siquiera est\u00e1n presentes las autoridades de alto nivel como el doctor Zo\u00e9 Robledo, que lastimosamente no pudo asistir. No acepto la disculpa. La escucho, pero no la acepto y mucho menos como cierre porque mi esposa no va a volver, mi hija no lleg\u00f3 a vivir y porque no basta con pedir perd\u00f3n cuando no se han cambiado las causas que la mataron, pues el IMSS de Bochil sigue fallando, faltan m\u00e9dicos, siguen sin funcionar los protocolos, no hay equipos ni m\u00e9dicos ni medicamentos. Eso lo dice el pueblo\u201d.<\/p>\n\n\n\n<p class=\"wp-block-paragraph\">Sostuvo que \u201cdespu\u00e9s de esto tiene que haber atenci\u00f3n sin discriminaci\u00f3n, ambulancia las 24 horas, mejor atenci\u00f3n m\u00e9dica, atenci\u00f3n digna y humanizada, poner en funci\u00f3n el equipo de ultrasonido, insumos, personal especializado y sobre todo no m\u00e1s negligencias m\u00e9dicas. Lo que queremos es que el IMSS funcione correctamente y nos haga sentir protegidos no desprotegidos\u201d.<\/p>\n\n\n\n<p class=\"wp-block-paragraph\">Narv\u00e1ez dijo que el acto se llev\u00f3 a cabo en una sala del cabildo \u201cpor seguridad y los protocolos de Protecci\u00f3n Civil. Lo importante era dar cumplimiento como Instituto en esta fecha tan significativa\u201d.<\/p>\n\n\n\n<p class=\"wp-block-paragraph\">Se\u00f1al\u00f3 que \u201clo que queremos como IMSS es refrendar ese compromiso de reforzar los servicios m\u00e9dicos para que esto no vuelva a pasar. La idea es mejorar, no podemos hacer acciones para devolver a la se\u00f1ora Marisol, pero s\u00ed trabajar de la mano, pensar a futuro y ver qu\u00e9 acciones hacer para que los servicios de salud del hospital de Bochil sean con la calidad que merece la poblaci\u00f3n\u201d.<\/p>\n\n\n\n<p class=\"wp-block-paragraph\">Tambi\u00e9n habl\u00f3 Catherine Nereida, de 20 a\u00f1os e hija mayor, quien reiter\u00f3 que su madre \u201cfalleci\u00f3 por culpa de una negligencia m\u00e9dica en el IMSS de Bochil. Yo la vi entrar caminando al \u00e1rea de urgencias. La vi con vida, con fe en que la atender\u00edan, y ya no sali\u00f3. No pude ni despedirme de ella. No me dejaron\u201d.<\/p>\n\n\n\n<p class=\"wp-block-paragraph\">Agreg\u00f3: \u201cHan pasado diez a\u00f1os sin ti y no hay un solo d\u00eda en el que no te piense. A veces cierro los ojos y a\u00fan puedo o\u00edr tu voz, sentir tu abrazo, imaginar tu risa. Sigo pregunt\u00e1ndome qu\u00e9 me dir\u00edas en los d\u00edas dif\u00edciles, c\u00f3mo ser\u00eda tenerte aqu\u00ed para compartir mis logros y mis miedos. Pero tambi\u00e9n s\u00e9 que sigues conmigo, gui\u00e1ndome en silencio, protegi\u00e9ndome desde donde est\u00e1s. Gracias por ser la madre que fuiste, gracias por amarme con tanta fuerza que incluso hoy me sigue sosteniendo. Te amo con toda el alma, mam\u00e1. Siempre ser\u00e1s mi faro, mi fuerza y mi coraz\u00f3n. Nunca dejar\u00e1s de vivir en m\u00ed\u201d. FIN DE NOTA<\/p>\n","protected":false},"excerpt":{"rendered":"<p>El Instituto Mexicano del Seguro Social (IMSS), ofreci\u00f3 una disculpa p\u00fablica a los familiares de Marisol Martir\u00edz Guzm\u00e1n, originaria de El Salvador, quien falleci\u00f3 hace 10 a\u00f1os, a causa de negligencia m\u00e9dica, y se comprometi\u00f3 a mejorar la atenci\u00f3n a los pacientes. Presente en el acto que se llev\u00f3 a cabo en un sal\u00f3n del&#8230;<\/p>\n","protected":false},"author":2,"featured_media":66724,"comment_status":"closed","ping_status":"closed","sticky":false,"template":"","format":"standard","meta":{"_crdt_document":"","_exactmetrics_skip_tracking":false,"_exactmetrics_sitenote_active":false,"_exactmetrics_sitenote_note":"","_exactmetrics_sitenote_category":0,"footnotes":""},"categories":[80,23,31,32,1,27,69],"tags":[72],"class_list":["post-66723","post","type-post","status-publish","format-standard","has-post-thumbnail","hentry","category-derechos-humanos","category-mexico","category-politica","category-salud","category-seguridad","category-sonora","category-ultimas-noticias","tag-claudia-sheinbaum"],"_links":{"self":[{"href":"https:\/\/elpajaritonews.com\/index.php?rest_route=\/wp\/v2\/posts\/66723","targetHints":{"allow":["GET"]}}],"collection":[{"href":"https:\/\/elpajaritonews.com\/index.php?rest_route=\/wp\/v2\/posts"}],"about":[{"href":"https:\/\/elpajaritonews.com\/index.php?rest_route=\/wp\/v2\/types\/post"}],"author":[{"embeddable":true,"href":"https:\/\/elpajaritonews.com\/index.php?rest_route=\/wp\/v2\/users\/2"}],"replies":[{"embeddable":true,"href":"https:\/\/elpajaritonews.com\/index.php?rest_route=%2Fwp%2Fv2%2Fcomments&post=66723"}],"version-history":[{"count":1,"href":"https:\/\/elpajaritonews.com\/index.php?rest_route=\/wp\/v2\/posts\/66723\/revisions"}],"predecessor-version":[{"id":66725,"href":"https:\/\/elpajaritonews.com\/index.php?rest_route=\/wp\/v2\/posts\/66723\/revisions\/66725"}],"wp:featuredmedia":[{"embeddable":true,"href":"https:\/\/elpajaritonews.com\/index.php?rest_route=\/wp\/v2\/media\/66724"}],"wp:attachment":[{"href":"https:\/\/elpajaritonews.com\/index.php?rest_route=%2Fwp%2Fv2%2Fmedia&parent=66723"}],"wp:term":[{"taxonomy":"category","embeddable":true,"href":"https:\/\/elpajaritonews.com\/index.php?rest_route=%2Fwp%2Fv2%2Fcategories&post=66723"},{"taxonomy":"post_tag","embeddable":true,"href":"https:\/\/elpajaritonews.com\/index.php?rest_route=%2Fwp%2Fv2%2Ftags&post=66723"}],"curies":[{"name":"wp","href":"https:\/\/api.w.org\/{rel}","templated":true}]}}