{"id":66726,"date":"2025-07-22T11:29:41","date_gmt":"2025-07-22T18:29:41","guid":{"rendered":"https:\/\/elpajaritonews.com\/?p=66726"},"modified":"2025-07-22T11:29:44","modified_gmt":"2025-07-22T18:29:44","slug":"murio-ozzy-osbourne-cantante-de-black-sabbath-a-los-76-anos","status":"publish","type":"post","link":"https:\/\/elpajaritonews.com\/?p=66726","title":{"rendered":"MURI\u00d3 OZZY OSBOURNE, CANTANTE DE BLACK SABBATH, A LOS 76 A\u00d1OS"},"content":{"rendered":"\n<p class=\"wp-block-paragraph\">El cantante y fundador de Black Sabbath, Ozzy Osbourne, muri\u00f3 este martes a los 76 a\u00f1os, inform\u00f3 The Guardian. El afamado artista hab\u00eda brindado su \u00faltimo concierto el 5 de julio en el estadio Villa Park, en Birmingham, en un evento ben\u00e9fico titulado \u201cBack to the Beginning\u201d. Osbourne padec\u00eda la enfermedad de Parkinson.<\/p>\n\n\n\n<p class=\"wp-block-paragraph\">La familia emiti\u00f3 un comunicado sobre el fallecimiento del cantante, al que accedi\u00f3 Sky News y replic\u00f3 Reuters. \u201cCon una tristeza indescriptible, tenemos que informar que nuestro querido Ozzy Osbourne falleci\u00f3 esta ma\u00f1ana. Estaba con su familia y rodeado de mucho cari\u00f1o\u201d, dice el texto.<\/p>\n\n\n\n<p class=\"wp-block-paragraph\">Noticia en desarrollo.<\/p>\n","protected":false},"excerpt":{"rendered":"<p>El cantante y fundador de Black Sabbath, Ozzy Osbourne, muri\u00f3 este martes a los 76 a\u00f1os, inform\u00f3 The Guardian. El afamado artista hab\u00eda brindado su \u00faltimo concierto el 5 de julio en el estadio Villa Park, en Birmingham, en un evento ben\u00e9fico titulado \u201cBack to the Beginning\u201d. Osbourne padec\u00eda la enfermedad de Parkinson. La familia&#8230;<\/p>\n","protected":false},"author":2,"featured_media":66727,"comment_status":"closed","ping_status":"closed","sticky":false,"template":"","format":"standard","meta":{"_crdt_document":"","_exactmetrics_skip_tracking":false,"_exactmetrics_sitenote_active":false,"_exactmetrics_sitenote_note":"","_exactmetrics_sitenote_category":0,"footnotes":""},"categories":[22,89,23,31,27,69],"tags":[326],"class_list":["post-66726","post","type-post","status-publish","format-standard","has-post-thumbnail","hentry","category-escena","category-estados-unidos","category-mexico","category-politica","category-sonora","category-ultimas-noticias","tag-ozzy-osbourne"],"_links":{"self":[{"href":"https:\/\/elpajaritonews.com\/index.php?rest_route=\/wp\/v2\/posts\/66726","targetHints":{"allow":["GET"]}}],"collection":[{"href":"https:\/\/elpajaritonews.com\/index.php?rest_route=\/wp\/v2\/posts"}],"about":[{"href":"https:\/\/elpajaritonews.com\/index.php?rest_route=\/wp\/v2\/types\/post"}],"author":[{"embeddable":true,"href":"https:\/\/elpajaritonews.com\/index.php?rest_route=\/wp\/v2\/users\/2"}],"replies":[{"embeddable":true,"href":"https:\/\/elpajaritonews.com\/index.php?rest_route=%2Fwp%2Fv2%2Fcomments&post=66726"}],"version-history":[{"count":1,"href":"https:\/\/elpajaritonews.com\/index.php?rest_route=\/wp\/v2\/posts\/66726\/revisions"}],"predecessor-version":[{"id":66728,"href":"https:\/\/elpajaritonews.com\/index.php?rest_route=\/wp\/v2\/posts\/66726\/revisions\/66728"}],"wp:featuredmedia":[{"embeddable":true,"href":"https:\/\/elpajaritonews.com\/index.php?rest_route=\/wp\/v2\/media\/66727"}],"wp:attachment":[{"href":"https:\/\/elpajaritonews.com\/index.php?rest_route=%2Fwp%2Fv2%2Fmedia&parent=66726"}],"wp:term":[{"taxonomy":"category","embeddable":true,"href":"https:\/\/elpajaritonews.com\/index.php?rest_route=%2Fwp%2Fv2%2Fcategories&post=66726"},{"taxonomy":"post_tag","embeddable":true,"href":"https:\/\/elpajaritonews.com\/index.php?rest_route=%2Fwp%2Fv2%2Ftags&post=66726"}],"curies":[{"name":"wp","href":"https:\/\/api.w.org\/{rel}","templated":true}]}}