{"id":66729,"date":"2025-07-22T15:28:03","date_gmt":"2025-07-22T22:28:03","guid":{"rendered":"https:\/\/elpajaritonews.com\/?p=66729"},"modified":"2025-07-22T16:42:18","modified_gmt":"2025-07-22T23:42:18","slug":"inicia-el-registro-a-la-pension-mujeres-bienestar-a-las-mujeres-sonorenses-de-60-a-64-anos-en-agosto-2026-cumple-presidenta-sheinbaum","status":"publish","type":"post","link":"https:\/\/elpajaritonews.com\/?p=66729","title":{"rendered":"INICIA EL REGISTRO A LA PENSI\u00d3N MUJERES BIENESTAR A LAS MUJERES SONORENSES DE 60 A 64 A\u00d1OS, EN AGOSTO 2025, CUMPLE PRESIDENTA SHEINBAUM"},"content":{"rendered":"\n<p class=\"wp-block-paragraph\">* En un hecho hist\u00f3rico, la primera mujer Presidenta de M\u00e9xico, Claudia Sheinbaum, reconoce el trabajo, cuidado y esfuerzo de las mujeres del pa\u00eds.<\/p>\n\n\n\n<p class=\"wp-block-paragraph\">* Del 1 al 30 de agosto podr\u00e1n incorporarse mujeres sonorenses de entre 60 y 64 a\u00f1os en m\u00e1s de 95 m\u00f3dulos distribuidos en toda la entidad.<\/p>\n\n\n\n<p class=\"wp-block-paragraph\">En cumplimiento del compromiso de la Presidenta de M\u00e9xico, Claudia Sheinbaum Pardo, de reconocer una vida de trabajo y cuidado de las mujeres, del 1 al 30 de agosto se llevar\u00e1 a cabo el registro a la Pensi\u00f3n Mujeres Bienestar en el estado de Sonora para mujeres de entre 60 y 64 a\u00f1os de edad.<\/p>\n\n\n\n<p class=\"wp-block-paragraph\">El Delegado de Bienestar en Sonora, Octavio Almada Palafox, record\u00f3 que este programa inici\u00f3 en octubre de 2024, incorporando a mujeres de 63 y 64 a\u00f1os, as\u00ed como a mujeres ind\u00edgenas de entre 60 y 64 a\u00f1os. Ahora, se abre el registro tambi\u00e9n para quienes hayan cumplido 60, 61 y 62 a\u00f1os.<\/p>\n\n\n\n<p class=\"wp-block-paragraph\">Almada Palafox subray\u00f3 que se trata de un hecho sin precedentes, en el que el Gobierno de M\u00e9xico, encabezado por la primera mujer Presidenta, reconoce con justicia social a las mujeres, al otorgarles una pensi\u00f3n bimestral de 3 mil pesos, de manera directa y sin intermediarios.<\/p>\n\n\n\n<p class=\"wp-block-paragraph\">Para brindar una atenci\u00f3n ordenada y eficiente, la incorporaci\u00f3n en los municipios con mayor poblaci\u00f3n se realizar\u00e1 conforme al calendario basado en la inicial del primer apellido, quedando de la siguiente manera:<\/p>\n\n\n\n<figure class=\"wp-block-image size-full is-resized\"><img loading=\"lazy\" decoding=\"async\" width=\"288\" height=\"360\" src=\"https:\/\/elpajaritonews.com\/wp-content\/uploads\/2025\/07\/GwejiByWQAAYI5Y.jpg\" alt=\"\" class=\"wp-image-66731\" style=\"width:613px;height:auto\" srcset=\"https:\/\/elpajaritonews.com\/wp-content\/uploads\/2025\/07\/GwejiByWQAAYI5Y.jpg 288w, https:\/\/elpajaritonews.com\/wp-content\/uploads\/2025\/07\/GwejiByWQAAYI5Y-240x300.jpg 240w\" sizes=\"auto, (max-width: 288px) 100vw, 288px\" \/><\/figure>\n\n\n\n<p class=\"wp-block-paragraph\">* A, B, C: Lunes 4, 11, 18 y 25 de agosto<\/p>\n\n\n\n<p class=\"wp-block-paragraph\">* D, E, F, G, H: Martes 5, 12, 19 y 26<\/p>\n\n\n\n<p class=\"wp-block-paragraph\">* I, J, K, L, M: Mi\u00e9rcoles 6, 13, 20 y 27<\/p>\n\n\n\n<p class=\"wp-block-paragraph\">* N, \u00d1, O, P, Q, R: Jueves 7, 14, 21 y 28<\/p>\n\n\n\n<p class=\"wp-block-paragraph\">* S, T, U, V, W, X, Y, Z: Viernes 1, 8, 15, 22 y 29<\/p>\n\n\n\n<p class=\"wp-block-paragraph\">* Todas las letras: S\u00e1bados 2, 9, 16, 23 y 30 de agosto<\/p>\n\n\n\n<p class=\"wp-block-paragraph\">Las mujeres interesadas deber\u00e1n acudir el d\u00eda que les corresponda a su m\u00f3dulo m\u00e1s cercano, llevando los siguientes documentos en original y copia:<\/p>\n\n\n\n<figure class=\"wp-block-image size-full is-resized\"><img loading=\"lazy\" decoding=\"async\" width=\"282\" height=\"360\" src=\"https:\/\/elpajaritonews.com\/wp-content\/uploads\/2025\/07\/GwejiAoXoAEDL4v.jpg\" alt=\"\" class=\"wp-image-66732\" style=\"width:604px;height:auto\" srcset=\"https:\/\/elpajaritonews.com\/wp-content\/uploads\/2025\/07\/GwejiAoXoAEDL4v.jpg 282w, https:\/\/elpajaritonews.com\/wp-content\/uploads\/2025\/07\/GwejiAoXoAEDL4v-235x300.jpg 235w\" sizes=\"auto, (max-width: 282px) 100vw, 282px\" \/><\/figure>\n\n\n\n<p class=\"wp-block-paragraph\">* Identificaci\u00f3n oficial vigente<\/p>\n\n\n\n<p class=\"wp-block-paragraph\">* CURP certificada (de reciente impresi\u00f3n)<\/p>\n\n\n\n<p class=\"wp-block-paragraph\">* Acta de nacimiento<\/p>\n\n\n\n<p class=\"wp-block-paragraph\">* Comprobante de domicilio<\/p>\n\n\n\n<p class=\"wp-block-paragraph\">* Dos n\u00fameros telef\u00f3nicos de contacto<\/p>\n\n\n\n<p class=\"wp-block-paragraph\">Durante su mensaje a medios, el Delegado inform\u00f3 que actualmente en Sonora ya son cerca de 24 mil mujeres de 63 y 64 a\u00f1os quienes reciben esta pensi\u00f3n de manera directa a trav\u00e9s de su tarjeta del Banco del Bienestar.<\/p>\n\n\n\n<p class=\"wp-block-paragraph\">\u201cCon esta nueva etapa de incorporaci\u00f3n, la Presidenta Claudia Sheinbaum cumple uno m\u00e1s de sus 100 compromisos, reafirmando su compromiso con las mujeres y avanzando en la construcci\u00f3n del Segundo Piso de la Transformaci\u00f3n\u201d, concluy\u00f3 Almada Palafox.<\/p>\n","protected":false},"excerpt":{"rendered":"<p>* En un hecho hist\u00f3rico, la primera mujer Presidenta de M\u00e9xico, Claudia Sheinbaum, reconoce el trabajo, cuidado y esfuerzo de las mujeres del pa\u00eds. * Del 1 al 30 de agosto podr\u00e1n incorporarse mujeres sonorenses de entre 60 y 64 a\u00f1os en m\u00e1s de 95 m\u00f3dulos distribuidos en toda la entidad. En cumplimiento del compromiso&#8230;<\/p>\n","protected":false},"author":2,"featured_media":66730,"comment_status":"closed","ping_status":"closed","sticky":false,"template":"","format":"standard","meta":{"_crdt_document":"","_exactmetrics_skip_tracking":false,"_exactmetrics_sitenote_active":false,"_exactmetrics_sitenote_note":"","_exactmetrics_sitenote_category":0,"footnotes":""},"categories":[80,36,26,23,31,27,69],"tags":[71,79,72,74,30],"class_list":["post-66729","post","type-post","status-publish","format-standard","has-post-thumbnail","hentry","category-derechos-humanos","category-economia","category-local","category-mexico","category-politica","category-sonora","category-ultimas-noticias","tag-alfonso-durazo","tag-andres-manuel-lopez-obrador","tag-claudia-sheinbaum","tag-hermosillo","tag-sonora-tierra-de-oportunidades"],"_links":{"self":[{"href":"https:\/\/elpajaritonews.com\/index.php?rest_route=\/wp\/v2\/posts\/66729","targetHints":{"allow":["GET"]}}],"collection":[{"href":"https:\/\/elpajaritonews.com\/index.php?rest_route=\/wp\/v2\/posts"}],"about":[{"href":"https:\/\/elpajaritonews.com\/index.php?rest_route=\/wp\/v2\/types\/post"}],"author":[{"embeddable":true,"href":"https:\/\/elpajaritonews.com\/index.php?rest_route=\/wp\/v2\/users\/2"}],"replies":[{"embeddable":true,"href":"https:\/\/elpajaritonews.com\/index.php?rest_route=%2Fwp%2Fv2%2Fcomments&post=66729"}],"version-history":[{"count":2,"href":"https:\/\/elpajaritonews.com\/index.php?rest_route=\/wp\/v2\/posts\/66729\/revisions"}],"predecessor-version":[{"id":66734,"href":"https:\/\/elpajaritonews.com\/index.php?rest_route=\/wp\/v2\/posts\/66729\/revisions\/66734"}],"wp:featuredmedia":[{"embeddable":true,"href":"https:\/\/elpajaritonews.com\/index.php?rest_route=\/wp\/v2\/media\/66730"}],"wp:attachment":[{"href":"https:\/\/elpajaritonews.com\/index.php?rest_route=%2Fwp%2Fv2%2Fmedia&parent=66729"}],"wp:term":[{"taxonomy":"category","embeddable":true,"href":"https:\/\/elpajaritonews.com\/index.php?rest_route=%2Fwp%2Fv2%2Fcategories&post=66729"},{"taxonomy":"post_tag","embeddable":true,"href":"https:\/\/elpajaritonews.com\/index.php?rest_route=%2Fwp%2Fv2%2Ftags&post=66729"}],"curies":[{"name":"wp","href":"https:\/\/api.w.org\/{rel}","templated":true}]}}