{"id":66741,"date":"2025-07-24T12:08:59","date_gmt":"2025-07-24T19:08:59","guid":{"rendered":"https:\/\/elpajaritonews.com\/?p=66741"},"modified":"2025-07-24T12:09:02","modified_gmt":"2025-07-24T19:09:02","slug":"de-victima-a-agresor-pasa-vendedor-ambulante-golpeado-por-funcionarios-de-hermosillo","status":"publish","type":"post","link":"https:\/\/elpajaritonews.com\/?p=66741","title":{"rendered":"DE V\u00cdCTIMA A AGRESOR PASA VENDEDOR AMBULANTE GOLPEADO POR FUNCIONARIOS DE HERMOSILLO"},"content":{"rendered":"\n<p class=\"wp-block-paragraph\">LIBERA FGJES A VENDEDOR AMBULANTE AGREDIDO POR FUNCIONARIOS MUNICIPALES DE HERMOSILLO, BAJO UNA PERSPECTIVA INTERCULTURAL Y TAMPOCO QUE REPRESENTAR UN RIESGO PARA LA SOCIEDAD, NO DAN INFORMACI\u00d3N DE LOS FUNCIONARIOS AGRESORES<\/p>\n\n\n\n<p class=\"wp-block-paragraph\">\u00bfOsea que la v\u00edctima representaba un peligro para la sociedad?&nbsp;<\/p>\n\n\n\n<p class=\"wp-block-paragraph\">\u00bfQu\u00e9 dir\u00e1 el supuesto agresor sobre lo que dicen las autoridades?, pendientes con m\u00e1s informaci\u00f3n<\/p>\n\n\n\n<figure class=\"wp-block-video\"><video height=\"562\" style=\"aspect-ratio: 320 \/ 562;\" width=\"320\" controls src=\"https:\/\/elpajaritonews.com\/wp-content\/uploads\/2025\/07\/WhatsApp-Video-2025-07-21-at-12.52.17-PM.mp4\"><\/video><\/figure>\n\n\n\n<p class=\"wp-block-paragraph\">Informaci\u00f3n oficial:<\/p>\n\n\n\n<p class=\"wp-block-paragraph\">Libera FGJES a persona integrante de la Etnia Triqui detenida en Hermosillo<\/p>\n\n\n\n<p class=\"wp-block-paragraph\">Hermosillo, Sonora, 23 de julio de 2025.- La Fiscal\u00eda General de Justicia del Estado de Sonora (FGJES) informa que, en estricto apego a la legalidad y los derechos humanos, fue liberado Leonel \u201cN\u201d, de 28 a\u00f1os, integrante de la Etnia Triqui, tras ser puesto a disposici\u00f3n del Ministerio P\u00fablico por elementos de la Polic\u00eda Municipal de Hermosillo.<\/p>\n\n\n\n<p class=\"wp-block-paragraph\">La detenci\u00f3n se deriv\u00f3 de un reporte recibido a trav\u00e9s de C5i sobre una ri\u00f1a en el estacionamiento subterr\u00e1neo de un conocido centro comercial ubicado en la colonia Centro, en Hermosillo, el pasado 19 de julio, donde personal del Ayuntamiento de Hermosillo pretend\u00eda asegurar la fruta destinada al comercio, propiedad de Leonel \u201cN\u201d.<\/p>\n\n\n\n<p class=\"wp-block-paragraph\">De acuerdo a sus creencias, usos y costumbres, Leonel \u201cN\u201d estim\u00f3 el aseguramiento de la fruta por parte de la autoridad como un acto injusto y actu\u00f3 en contra de los funcionarios municipales en defensa de su patrimonio, lo que propici\u00f3 su detenci\u00f3n y ser puesto a disposici\u00f3n del Agente del Ministerio P\u00fablico<\/p>\n\n\n\n<p class=\"wp-block-paragraph\">Una vez analizados los datos de prueba que obran en la carpeta de investigaci\u00f3n, bajo una perspectiva intercultural, adem\u00e1s de no existir ninguna evidencia de que el detenido pudiera sustraerse de la acci\u00f3n de la justicia, ni obstaculizar la investigaci\u00f3n y tampoco representar un riesgo para la sociedad, se determin\u00f3 ordenar su liberaci\u00f3n dentro del plazo legal que la Constituci\u00f3n prev\u00e9, para determinar su situaci\u00f3n jur\u00eddica.<\/p>\n\n\n\n<p class=\"wp-block-paragraph\">La Fiscal\u00eda General de Justicia del Estado de Sonora (FGJES) reafirma su compromiso con la observancia irrestricta de los derechos de las personas, en especial de los integrantes de los Pueblos y Comunidades Ind\u00edgenas, garantizando que toda actuaci\u00f3n de la autoridad se realice con apego a la ley y pleno respeto a la diversidad cultural.<\/p>\n","protected":false},"excerpt":{"rendered":"<p>LIBERA FGJES A VENDEDOR AMBULANTE AGREDIDO POR FUNCIONARIOS MUNICIPALES DE HERMOSILLO, BAJO UNA PERSPECTIVA INTERCULTURAL Y TAMPOCO QUE REPRESENTAR UN RIESGO PARA LA SOCIEDAD, NO DAN INFORMACI\u00d3N DE LOS FUNCIONARIOS AGRESORES \u00bfOsea que la v\u00edctima representaba un peligro para la sociedad?&nbsp; \u00bfQu\u00e9 dir\u00e1 el supuesto agresor sobre lo que dicen las autoridades?, pendientes con m\u00e1s&#8230;<\/p>\n","protected":false},"author":2,"featured_media":66742,"comment_status":"closed","ping_status":"closed","sticky":false,"template":"","format":"standard","meta":{"_crdt_document":"","_exactmetrics_skip_tracking":false,"_exactmetrics_sitenote_active":false,"_exactmetrics_sitenote_note":"","_exactmetrics_sitenote_category":0,"footnotes":""},"categories":[80,88,26,82,31,1,27,69,65],"tags":[74,75],"class_list":["post-66741","post","type-post","status-publish","format-standard","has-post-thumbnail","hentry","category-derechos-humanos","category-justicia","category-local","category-poder-judicial","category-politica","category-seguridad","category-sonora","category-ultimas-noticias","category-videos","tag-hermosillo","tag-seguridad-publica"],"_links":{"self":[{"href":"https:\/\/elpajaritonews.com\/index.php?rest_route=\/wp\/v2\/posts\/66741","targetHints":{"allow":["GET"]}}],"collection":[{"href":"https:\/\/elpajaritonews.com\/index.php?rest_route=\/wp\/v2\/posts"}],"about":[{"href":"https:\/\/elpajaritonews.com\/index.php?rest_route=\/wp\/v2\/types\/post"}],"author":[{"embeddable":true,"href":"https:\/\/elpajaritonews.com\/index.php?rest_route=\/wp\/v2\/users\/2"}],"replies":[{"embeddable":true,"href":"https:\/\/elpajaritonews.com\/index.php?rest_route=%2Fwp%2Fv2%2Fcomments&post=66741"}],"version-history":[{"count":1,"href":"https:\/\/elpajaritonews.com\/index.php?rest_route=\/wp\/v2\/posts\/66741\/revisions"}],"predecessor-version":[{"id":66744,"href":"https:\/\/elpajaritonews.com\/index.php?rest_route=\/wp\/v2\/posts\/66741\/revisions\/66744"}],"wp:featuredmedia":[{"embeddable":true,"href":"https:\/\/elpajaritonews.com\/index.php?rest_route=\/wp\/v2\/media\/66742"}],"wp:attachment":[{"href":"https:\/\/elpajaritonews.com\/index.php?rest_route=%2Fwp%2Fv2%2Fmedia&parent=66741"}],"wp:term":[{"taxonomy":"category","embeddable":true,"href":"https:\/\/elpajaritonews.com\/index.php?rest_route=%2Fwp%2Fv2%2Fcategories&post=66741"},{"taxonomy":"post_tag","embeddable":true,"href":"https:\/\/elpajaritonews.com\/index.php?rest_route=%2Fwp%2Fv2%2Ftags&post=66741"}],"curies":[{"name":"wp","href":"https:\/\/api.w.org\/{rel}","templated":true}]}}