{"id":66753,"date":"2025-07-24T19:50:13","date_gmt":"2025-07-25T02:50:13","guid":{"rendered":"https:\/\/elpajaritonews.com\/?p=66753"},"modified":"2025-07-24T19:50:17","modified_gmt":"2025-07-25T02:50:17","slug":"impulsa-gobierno-de-sonora-bienestar-de-mas-de-13-mil-familias-con-presupuesto-social-historico","status":"publish","type":"post","link":"https:\/\/elpajaritonews.com\/?p=66753","title":{"rendered":"IMPULSA GOBIERNO DE SONORA BIENESTAR DE M\u00c1S DE 13 MIL FAMILIAS CON PRESUPUESTO SOCIAL HIST\u00d3RICO"},"content":{"rendered":"\n<p class=\"wp-block-paragraph\">Con una inversi\u00f3n hist\u00f3rica de 200 millones de pesos en recurso estatal, el Gobierno de Sonora ha beneficiado a 13 mil 365 familias en situaci\u00f3n de pobreza extrema a trav\u00e9s del Programa de Fortalecimiento Econ\u00f3mico para Familias Vulnerables, como parte de una estrategia integral orientada a la justicia social.<\/p>\n\n\n\n<p class=\"wp-block-paragraph\">Este programa tiene como objetivo complementar el ingreso de los hogares que enfrentan condiciones de alta vulnerabilidad mediante la entrega de apoyos econ\u00f3micos directos, no condicionados, a trav\u00e9s de tarjetas electr\u00f3nicas con dep\u00f3sitos bimestrales de dos mil 500 pesos. Estos recursos permiten a las familias cubrir necesidades esenciales como alimentos, productos b\u00e1sicos y servicios indispensables.<\/p>\n\n\n\n<p class=\"wp-block-paragraph\">\u201cEl gobernador Alfonso Durazo Monta\u00f1o ha dejado claro que el dinero p\u00fablico debe traducirse en bienestar real. Por eso, este presupuesto es una apuesta directa a favor de la justicia social y de las personas que hist\u00f3ricamente han sido olvidadas\u201d, manifest\u00f3 Fernando Rojo de la Vega Molina, secretario de Bienestar.<\/p>\n\n\n\n<p class=\"wp-block-paragraph\">Las acciones del programa se han llevado a cabo en los municipios de Etchojoa, Navojoa, Guaymas, Quiriego, \u00c1lamos, Cajeme, Benito Ju\u00e1rez, Rosario Tesopaco, Hermosillo, Caborca, Puerto Pe\u00f1asco y San Luis R\u00edo Colorado, beneficiando tambi\u00e9n a familias de Agua Prieta, Altar, \u00c1til, B\u00e1cum, Cananea, Empalme, General Plutarco El\u00edas Calles, Huatabampo, N\u00e1cori Chico, Nogales, Oquitoa, Pitiquito, San Ignacio R\u00edo Muerto, San Miguel de Horcasitas, Santa Ana, Tubutama y Y\u00e9cora.<\/p>\n\n\n\n<p class=\"wp-block-paragraph\">El programa est\u00e1 dirigido a personas mayores de 18 a\u00f1os que viven en pobreza extrema por ingreso y que presentan al menos tres de las siguientes carencias sociales: rezago educativo, falta de acceso a servicios de salud, seguridad social, calidad y espacio en la vivienda o servicios b\u00e1sicos. La poblaci\u00f3n objetivo fue identificada a trav\u00e9s de estudios socioecon\u00f3micos focalizados, con base en datos del Coneval y los criterios establecidos en las reglas de operaci\u00f3n.<\/p>\n\n\n\n<p class=\"wp-block-paragraph\">Este esfuerzo interinstitucional busca transitar de un modelo asistencial a uno de derechos, articulando estrategias entre el sector p\u00fablico, social y privado para que las familias sonorenses dejen de ser vistas solo como beneficiarias y se conviertan en protagonistas de su propio bienestar.<\/p>\n","protected":false},"excerpt":{"rendered":"<p>Con una inversi\u00f3n hist\u00f3rica de 200 millones de pesos en recurso estatal, el Gobierno de Sonora ha beneficiado a 13 mil 365 familias en situaci\u00f3n de pobreza extrema a trav\u00e9s del Programa de Fortalecimiento Econ\u00f3mico para Familias Vulnerables, como parte de una estrategia integral orientada a la justicia social. Este programa tiene como objetivo complementar&#8230;<\/p>\n","protected":false},"author":2,"featured_media":66754,"comment_status":"closed","ping_status":"closed","sticky":false,"template":"","format":"standard","meta":{"_crdt_document":"","_exactmetrics_skip_tracking":false,"_exactmetrics_sitenote_active":false,"_exactmetrics_sitenote_note":"","_exactmetrics_sitenote_category":0,"footnotes":""},"categories":[33,26,23,31,27,69],"tags":[71,72,74,30],"class_list":["post-66753","post","type-post","status-publish","format-standard","has-post-thumbnail","hentry","category-educacion","category-local","category-mexico","category-politica","category-sonora","category-ultimas-noticias","tag-alfonso-durazo","tag-claudia-sheinbaum","tag-hermosillo","tag-sonora-tierra-de-oportunidades"],"_links":{"self":[{"href":"https:\/\/elpajaritonews.com\/index.php?rest_route=\/wp\/v2\/posts\/66753","targetHints":{"allow":["GET"]}}],"collection":[{"href":"https:\/\/elpajaritonews.com\/index.php?rest_route=\/wp\/v2\/posts"}],"about":[{"href":"https:\/\/elpajaritonews.com\/index.php?rest_route=\/wp\/v2\/types\/post"}],"author":[{"embeddable":true,"href":"https:\/\/elpajaritonews.com\/index.php?rest_route=\/wp\/v2\/users\/2"}],"replies":[{"embeddable":true,"href":"https:\/\/elpajaritonews.com\/index.php?rest_route=%2Fwp%2Fv2%2Fcomments&post=66753"}],"version-history":[{"count":1,"href":"https:\/\/elpajaritonews.com\/index.php?rest_route=\/wp\/v2\/posts\/66753\/revisions"}],"predecessor-version":[{"id":66755,"href":"https:\/\/elpajaritonews.com\/index.php?rest_route=\/wp\/v2\/posts\/66753\/revisions\/66755"}],"wp:featuredmedia":[{"embeddable":true,"href":"https:\/\/elpajaritonews.com\/index.php?rest_route=\/wp\/v2\/media\/66754"}],"wp:attachment":[{"href":"https:\/\/elpajaritonews.com\/index.php?rest_route=%2Fwp%2Fv2%2Fmedia&parent=66753"}],"wp:term":[{"taxonomy":"category","embeddable":true,"href":"https:\/\/elpajaritonews.com\/index.php?rest_route=%2Fwp%2Fv2%2Fcategories&post=66753"},{"taxonomy":"post_tag","embeddable":true,"href":"https:\/\/elpajaritonews.com\/index.php?rest_route=%2Fwp%2Fv2%2Ftags&post=66753"}],"curies":[{"name":"wp","href":"https:\/\/api.w.org\/{rel}","templated":true}]}}