{"id":66756,"date":"2025-07-24T21:26:08","date_gmt":"2025-07-25T04:26:08","guid":{"rendered":"https:\/\/elpajaritonews.com\/?p=66756"},"modified":"2025-07-24T21:26:12","modified_gmt":"2025-07-25T04:26:12","slug":"caso-dato-protegido-llegara-a-la-cidh-karla-estrella-impugnara-sanciones-por-criticas-a-diputada-del-pt","status":"publish","type":"post","link":"https:\/\/elpajaritonews.com\/?p=66756","title":{"rendered":"CASO \u2018DATO PROTEGIDO\u2019 LLEGAR\u00c1 A LA CIDH: KARLA ESTRELLA IMPUGNAR\u00c1 SANCIONES POR CR\u00cdTICAS A DIPUTADA DEL PT"},"content":{"rendered":"\n<p class=\"wp-block-paragraph\">El caso de Karla Estrella ha generado cr\u00edticas por censura por parte de pol\u00edticos en contra de los ciudadanos.<\/p>\n\n\n\n<p class=\"wp-block-paragraph\">Karla Estrella, la usuaria de la red social X que fue sancionada tras criticar a la diputada del PT, Diana Karina Barreras, impugnar\u00e1 ante la Comisi\u00f3n Internacional de Derechos Humanos (CIDH) la sentencia que le impuso el Tribunal Electoral del Poder Judicial de la Federaci\u00f3n (TEPJF).<\/p>\n\n\n\n<p class=\"wp-block-paragraph\">En entrevista con Javier Sol\u00f3rzano en La Raz\u00f3n, Mariana Calder\u00f3n, abogada de Karla Estrella, anunci\u00f3 que su clienta acudir\u00e1 a instancias internacionales debido a que interpuso un recurso de revisi\u00f3n para demostrar que no ejerci\u00f3 violencia pol\u00edtica de g\u00e9nero, pero no obtuvo respuesta del Tribunal Electoral.<\/p>\n\n\n\n<p class=\"wp-block-paragraph\">Adem\u00e1s, asegur\u00f3 que los magistrados electorales \u201cclaramente jugaron a la pol\u00edtica y atendieron intereses personales\u201d.<\/p>\n\n\n\n<p class=\"wp-block-paragraph\">Al calificar a su clienta como \u201cun modelo de ciudadana\u201d, la litigante dijo que Karla Estrella cumplir\u00e1 con las medidas impuestas, pero que las impugnar\u00e1.<\/p>\n\n\n\n<p class=\"wp-block-paragraph\">\u201cSe va a ir a impugnar el tema ante la Comisi\u00f3n Interamericana de Derechos Humanos. No puede continuar en el Estado Mexicano este modelo porque est\u00e1 claramente violando la libertad de expresi\u00f3n\u201d, dijo la abogada.<\/p>\n\n\n\n<p class=\"wp-block-paragraph\">Mariana Calder\u00f3n advirti\u00f3 que su clienta estar\u00eda sujeta a m\u00e1s multas u otras sanciones en caso de no acatar la resoluci\u00f3n del TEPJF.<\/p>\n\n\n\n<p class=\"wp-block-paragraph\">Agreg\u00f3 que el litigio contra su clienta dur\u00f3 m\u00e1s de un a\u00f1o y que fue arrastrada a la arena electoral.<\/p>\n\n\n\n<p class=\"wp-block-paragraph\">Imag\u00ednate lo que es llevar a una ciudadana a esta arena (electoral) donde claramente est\u00e1 en una relaci\u00f3n diferenciada con los actores pol\u00edticos\u201d, dijo.<\/p>\n\n\n\n<p class=\"wp-block-paragraph\">Finalmente, Marina Calder\u00f3n pidi\u00f3 a las instancias electorales modificar el modelo que cataloga lo que es violencia pol\u00edtica de g\u00e9nero y no utilizarlo como m\u00e9todo de cesura.<\/p>\n\n\n\n<p class=\"wp-block-paragraph\">\u201cUna figura tan importante que est\u00e1 para proteger a los mujeres frente a un fen\u00f3meno terrible como es la violencia, se est\u00e1 utilizando de manera oportunista para callar a la ciudadan\u00eda\u201d, concluy\u00f3.<\/p>\n\n\n\n<p class=\"wp-block-paragraph\">Las sanciones impuestas a Karla Estrella<\/p>\n\n\n\n<p class=\"wp-block-paragraph\">El Tribunal Electoral del Poder Judicial de la Federaci\u00f3n (TEPJF) le orden\u00f3 ofrecer disculpas durante 30 d\u00edas a la diputada ahora conocida como \u2018Dato protegido\u2019.<\/p>\n\n\n\n<p class=\"wp-block-paragraph\">Adem\u00e1s, Estrella Murrieta fue inscrita en el Cat\u00e1logo de Sujetos Sancionados en materia de Violencia Pol\u00edtica de G\u00e9nero.<\/p>\n\n\n\n<p class=\"wp-block-paragraph\">Karla Estrella aparece entre las 526 personas que integran el Registro Nacional de Personas Sancionadas, lo que podr\u00eda provocar limitaciones en su vida personal o profesional.<\/p>\n\n\n\n<p class=\"wp-block-paragraph\">Adem\u00e1s, debe pagar una multa de mil 805.70 pesos, y tomar un curso sobre los derechos de las mujeres y perspectiva de g\u00e9nero pagado por su propia cuenta.<\/p>\n\n\n\n<p class=\"wp-block-paragraph\">De todo esto deber\u00e1 rendir cuentas al Tribunal Electoral de que s\u00ed lo pag\u00f3 y lo tom\u00f3.<\/p>\n\n\n\n<p class=\"wp-block-paragraph\">El origen de la sentencia contra ciudadana<\/p>\n\n\n\n<p class=\"wp-block-paragraph\">Esto ocurre derivado del fallo de la Sala Regional Especializada, el cual determin\u00f3 que Karla Estrella incurri\u00f3 en violencia digital por reproducir estereotipos de g\u00e9nero en una red social; violencia an\u00e1loga por recurrir a diversos s\u00edndromes.<\/p>\n\n\n\n<p class=\"wp-block-paragraph\">Karla Estrella Murrieta critic\u00f3 al diputado de Morena y esposo de Diana Karina Barreras, Sergio Guti\u00e9rrez Luna, por presunto nepotismo y fue sentenciada por violencia pol\u00edtica de g\u00e9nero, con el proyecto de la magistrada en funciones M\u00f3nica Lozano.<\/p>\n\n\n\n<p class=\"wp-block-paragraph\">La ciudadana sonorense impugn\u00f3 ante la Sala Superior del TEPJF, en donde el Pleno confirm\u00f3 la sentencia.<\/p>\n\n\n\n<p class=\"wp-block-paragraph\">Dato protegido pide reducir sanci\u00f3n<\/p>\n\n\n\n<p class=\"wp-block-paragraph\">Ante la pol\u00e9mica generada en torno al caso, la diputada Diana Karina Barreras pidi\u00f3 al Tribunal Electoral que considere por saldada la sanci\u00f3n impuesta a la ciudadana Karla Estrella, pues afirm\u00f3 que con la primera disculpa que se ofreci\u00f3 para ella \u201cfue suficiente\u201d.<\/p>\n\n\n\n<p class=\"wp-block-paragraph\">Sin embargo, la declinaci\u00f3n no librar\u00e1 a esta ciudadana de lo que la legisladora pidi\u00f3 directamente, pues la sentencia es irreversible, definitiva e inatacable.<\/p>\n","protected":false},"excerpt":{"rendered":"<p>El caso de Karla Estrella ha generado cr\u00edticas por censura por parte de pol\u00edticos en contra de los ciudadanos. Karla Estrella, la usuaria de la red social X que fue sancionada tras criticar a la diputada del PT, Diana Karina Barreras, impugnar\u00e1 ante la Comisi\u00f3n Internacional de Derechos Humanos (CIDH) la sentencia que le impuso&#8230;<\/p>\n","protected":false},"author":2,"featured_media":66757,"comment_status":"closed","ping_status":"closed","sticky":false,"template":"","format":"standard","meta":{"_crdt_document":"","_exactmetrics_skip_tracking":false,"_exactmetrics_sitenote_active":false,"_exactmetrics_sitenote_note":"","_exactmetrics_sitenote_category":0,"footnotes":""},"categories":[20,80,88,26,23,82,31,27,69],"tags":[73,74,75],"class_list":["post-66756","post","type-post","status-publish","format-standard","has-post-thumbnail","hentry","category-congreso","category-derechos-humanos","category-justicia","category-local","category-mexico","category-poder-judicial","category-politica","category-sonora","category-ultimas-noticias","tag-congreso-del-estado-de-sonora","tag-hermosillo","tag-seguridad-publica"],"_links":{"self":[{"href":"https:\/\/elpajaritonews.com\/index.php?rest_route=\/wp\/v2\/posts\/66756","targetHints":{"allow":["GET"]}}],"collection":[{"href":"https:\/\/elpajaritonews.com\/index.php?rest_route=\/wp\/v2\/posts"}],"about":[{"href":"https:\/\/elpajaritonews.com\/index.php?rest_route=\/wp\/v2\/types\/post"}],"author":[{"embeddable":true,"href":"https:\/\/elpajaritonews.com\/index.php?rest_route=\/wp\/v2\/users\/2"}],"replies":[{"embeddable":true,"href":"https:\/\/elpajaritonews.com\/index.php?rest_route=%2Fwp%2Fv2%2Fcomments&post=66756"}],"version-history":[{"count":1,"href":"https:\/\/elpajaritonews.com\/index.php?rest_route=\/wp\/v2\/posts\/66756\/revisions"}],"predecessor-version":[{"id":66758,"href":"https:\/\/elpajaritonews.com\/index.php?rest_route=\/wp\/v2\/posts\/66756\/revisions\/66758"}],"wp:featuredmedia":[{"embeddable":true,"href":"https:\/\/elpajaritonews.com\/index.php?rest_route=\/wp\/v2\/media\/66757"}],"wp:attachment":[{"href":"https:\/\/elpajaritonews.com\/index.php?rest_route=%2Fwp%2Fv2%2Fmedia&parent=66756"}],"wp:term":[{"taxonomy":"category","embeddable":true,"href":"https:\/\/elpajaritonews.com\/index.php?rest_route=%2Fwp%2Fv2%2Fcategories&post=66756"},{"taxonomy":"post_tag","embeddable":true,"href":"https:\/\/elpajaritonews.com\/index.php?rest_route=%2Fwp%2Fv2%2Ftags&post=66756"}],"curies":[{"name":"wp","href":"https:\/\/api.w.org\/{rel}","templated":true}]}}