{"id":66763,"date":"2025-07-25T13:17:34","date_gmt":"2025-07-25T20:17:34","guid":{"rendered":"https:\/\/elpajaritonews.com\/?p=66763"},"modified":"2025-07-25T13:17:39","modified_gmt":"2025-07-25T20:17:39","slug":"indaga-gabinete-de-seguridad-caso-de-maestra-jubilada-asesinada-en-veracruz","status":"publish","type":"post","link":"https:\/\/elpajaritonews.com\/?p=66763","title":{"rendered":"INDAGA GABINETE DE SEGURIDAD CASO DE MAESTRA JUBILADA ASESINADA EN VERACRUZ"},"content":{"rendered":"\n<p class=\"wp-block-paragraph\">El Gabinete de Seguridad en el que participan las secretar\u00edas de Seguridad y Protecci\u00f3n Ciudadana (SSPC), Defensa Nacional (Defensa), Marina-Armada de M\u00e9xico (Semar), Guardia Nacional y la Fiscal\u00eda General de la Rep\u00fablica (FGR) se\u00f1al\u00f3 que trabaja en coordinaci\u00f3n con el gobierno de Veracruz para esclarecer el homicidio de la profesora jubilada y taxista, Irma Hern\u00e1ndez Cruz, quien fue asesinada por un grupo delictivo.<\/p>\n\n\n\n<p class=\"wp-block-paragraph\">A trav\u00e9s de la red social \u201cX\u201d (antes Twitter) las autoridades federales se\u00f1alaron que trabajan de manera conjunta con autoridades locales para \u201cdetener a los responsables. No habr\u00e1 impunidad\u201d.<\/p>\n\n\n\n<p class=\"wp-block-paragraph\">Aseguraron que \u201cen el marco de la Estrategia Nacional contra la Extorsi\u00f3n, en conjunto con las autoridades locales investigamos una disputa entre grupos delictivos por el cobro de cuotas. Seguiremos trabajando en coordinaci\u00f3n para combatir este delito y proteger a las y los mexicanos\u201d.<\/p>\n\n\n\n<p class=\"wp-block-paragraph\">La profesora Irma Hern\u00e1ndez Cruz fue privada de su libertad el pasado 18 de julio cuando trabaja su taxi en \u00c1lamo Temapache, y d\u00edas despu\u00e9s fue difundido un video en el cual un grupo de hombres armados la asesinan por no pagar la extorsi\u00f3n de la que era objeto.<\/p>\n\n\n\n<p class=\"wp-block-paragraph\">Condena Sheinbaum asesinato de maestra en Veracruz; no habr\u00e1 impunidad, dice<\/p>\n\n\n\n<p class=\"wp-block-paragraph\">Al condenar el asesinato de una taxista, maestra jubilada, que fue ejecutada por un grupo armado en Veracruz, la presidenta Claudia Sheinbaum Pardo ofreci\u00f3 que no habr\u00e1 impunidad. \u201cEs muy lamentable\u201d, sostuvo.<\/p>\n\n\n\n<p class=\"wp-block-paragraph\">Indic\u00f3 que \u201cdesde que se denunci\u00f3 su desaparici\u00f3n, hubo colaboraci\u00f3n con el gabinete de seguridad, y en este momento se est\u00e1 colaborando con la Fiscal\u00eda de Veracruz y obviamente con la gobernadora (Roc\u00edo Nahle) para llegar al fondo de estos hechos y que no haya impunidad\u201d.<\/p>\n\n\n\n<p class=\"wp-block-paragraph\">-Pareciera un desaf\u00edo del crimen organizado la difusi\u00f3n del video sobre este hecho -se le coment\u00f3.<\/p>\n\n\n\n<p class=\"wp-block-paragraph\">-Hay que ver exactamente la condici\u00f3n en la que esto ocurri\u00f3, y sobre todo apoyar para que no haya impunidad.<\/p>\n\n\n\n<p class=\"wp-block-paragraph\">\u201cHemos estado trabajando desde el primer d\u00eda en todo lo que tiene que ver con la seguridad en el pa\u00eds y particularmente en el tema de las extorsiones o cualquier cuota que pudiera pagando cualquier peque\u00f1o empresario, gran empresario, relacionado con alg\u00fan asunto de extorsi\u00f3n\u201d, respondi\u00f3.<\/p>\n\n\n\n<p class=\"wp-block-paragraph\">El operativo que se hizo en colaboraci\u00f3n con el Estado de M\u00e9xico recientemente \u201cy en otros lugares del pa\u00eds lo vamos a seguir haciendo, y sobre este caso en particular, que no haya impunidad\u201d.<\/p>\n\n\n\n<p class=\"wp-block-paragraph\">Afirm\u00f3 que el gabinete de seguridad debe dar la informaci\u00f3n. \u201cPrimero que se clarifique c\u00f3mo fue la muerte de esta mujer, cu\u00e1l es el contexto de esta situaci\u00f3n, siempre hay que tener la informaci\u00f3n completa.&nbsp;<\/p>\n\n\n\n<p class=\"wp-block-paragraph\">\u201cSegundo, por supuesto que es lamentable que esto ocurre. \u00bfQu\u00e9 hacemos?, pues trabajamos todos los d\u00edas para erradicar este tipo de delitos y en particular lo que tiene que ver con extorsi\u00f3n estamos con el fortalecimiento de la estrategia que est\u00e1 dando resultados y vamos a seguir dando resultados todos los d\u00edas para que estas situaciones no ocurra en el pa\u00eds\u201d.<\/p>\n\n\n\n<p class=\"wp-block-paragraph\">-\u00bfLa lectura por la difusi\u00f3n del video es un reto para el Estado mexicano?<\/p>\n\n\n\n<p class=\"wp-block-paragraph\">-Quisiera que diera la informaci\u00f3n el gabinete de seguridad porque hay mucha informaci\u00f3n relacionada con este caso, que tiene la propia Fiscal\u00eda de Veracruz y tambi\u00e9n el gabinete de seguridad. Que ellos, conforme avanza la investigaci\u00f3n, puedan dar la informaci\u00f3n.<\/p>\n\n\n\n<p class=\"wp-block-paragraph\">Insisti\u00f3 que se est\u00e1 apoyando a la gobernadora y en esta investigaci\u00f3n en particular a la Fiscal\u00eda General del Estado de Veracruz.<\/p>\n","protected":false},"excerpt":{"rendered":"<p>El Gabinete de Seguridad en el que participan las secretar\u00edas de Seguridad y Protecci\u00f3n Ciudadana (SSPC), Defensa Nacional (Defensa), Marina-Armada de M\u00e9xico (Semar), Guardia Nacional y la Fiscal\u00eda General de la Rep\u00fablica (FGR) se\u00f1al\u00f3 que trabaja en coordinaci\u00f3n con el gobierno de Veracruz para esclarecer el homicidio de la profesora jubilada y taxista, Irma Hern\u00e1ndez&#8230;<\/p>\n","protected":false},"author":2,"featured_media":66764,"comment_status":"closed","ping_status":"closed","sticky":false,"template":"","format":"standard","meta":{"_crdt_document":"","_exactmetrics_skip_tracking":false,"_exactmetrics_sitenote_active":false,"_exactmetrics_sitenote_note":"","_exactmetrics_sitenote_category":0,"footnotes":""},"categories":[80,23,31,1,27,69],"tags":[72,75],"class_list":["post-66763","post","type-post","status-publish","format-standard","has-post-thumbnail","hentry","category-derechos-humanos","category-mexico","category-politica","category-seguridad","category-sonora","category-ultimas-noticias","tag-claudia-sheinbaum","tag-seguridad-publica"],"_links":{"self":[{"href":"https:\/\/elpajaritonews.com\/index.php?rest_route=\/wp\/v2\/posts\/66763","targetHints":{"allow":["GET"]}}],"collection":[{"href":"https:\/\/elpajaritonews.com\/index.php?rest_route=\/wp\/v2\/posts"}],"about":[{"href":"https:\/\/elpajaritonews.com\/index.php?rest_route=\/wp\/v2\/types\/post"}],"author":[{"embeddable":true,"href":"https:\/\/elpajaritonews.com\/index.php?rest_route=\/wp\/v2\/users\/2"}],"replies":[{"embeddable":true,"href":"https:\/\/elpajaritonews.com\/index.php?rest_route=%2Fwp%2Fv2%2Fcomments&post=66763"}],"version-history":[{"count":1,"href":"https:\/\/elpajaritonews.com\/index.php?rest_route=\/wp\/v2\/posts\/66763\/revisions"}],"predecessor-version":[{"id":66765,"href":"https:\/\/elpajaritonews.com\/index.php?rest_route=\/wp\/v2\/posts\/66763\/revisions\/66765"}],"wp:featuredmedia":[{"embeddable":true,"href":"https:\/\/elpajaritonews.com\/index.php?rest_route=\/wp\/v2\/media\/66764"}],"wp:attachment":[{"href":"https:\/\/elpajaritonews.com\/index.php?rest_route=%2Fwp%2Fv2%2Fmedia&parent=66763"}],"wp:term":[{"taxonomy":"category","embeddable":true,"href":"https:\/\/elpajaritonews.com\/index.php?rest_route=%2Fwp%2Fv2%2Fcategories&post=66763"},{"taxonomy":"post_tag","embeddable":true,"href":"https:\/\/elpajaritonews.com\/index.php?rest_route=%2Fwp%2Fv2%2Ftags&post=66763"}],"curies":[{"name":"wp","href":"https:\/\/api.w.org\/{rel}","templated":true}]}}