{"id":66772,"date":"2025-07-26T14:00:32","date_gmt":"2025-07-26T21:00:32","guid":{"rendered":"https:\/\/elpajaritonews.com\/?p=66772"},"modified":"2025-07-26T14:00:36","modified_gmt":"2025-07-26T21:00:36","slug":"el-colectivo-de-ecologistas-destroza-parte-de-las-obra-de-reconstruccion-de-la-sauceda-removiendo-el-asfalto","status":"publish","type":"post","link":"https:\/\/elpajaritonews.com\/?p=66772","title":{"rendered":"EL COLECTIVO DE ECOLOGISTAS DESTROZA PARTE DE LAS OBRA DE RECONSTRUCCI\u00d3N DE LA SAUCEDA, REMOVIENDO EL ASFALTO"},"content":{"rendered":"\n<p class=\"wp-block-paragraph\">El colectivo de ecologistas Ciudadan\u00eda Activa Sonora, destroza parte de las obra de reconstrucci\u00f3n de La Sauceda, removiendo el asfalto<\/p>\n\n\n\n<p class=\"wp-block-paragraph\">Este s\u00e1bado, los ecologistas que obvio tienen sus intereses, liderados por Isabel Dorado y sus seguidores, destruyen parte de lo ya Avanzado en la reconstrucci\u00f3n del nuevo Bosque Hundido en La Sauceda, no tomado en cuenta que ese dinero invertido no de ellos sino de los sonorenses, de sus impuestos.<\/p>\n\n\n\n<p class=\"wp-block-paragraph\">Ahora este colectivo est\u00e1n en desacuerdo y manifiestan su enojo destruyendo lo que seg\u00fan ellos iban a reconstruir esta muy confuse su forma de actuar.<\/p>\n","protected":false},"excerpt":{"rendered":"<p>El colectivo de ecologistas Ciudadan\u00eda Activa Sonora, destroza parte de las obra de reconstrucci\u00f3n de La Sauceda, removiendo el asfalto Este s\u00e1bado, los ecologistas que obvio tienen sus intereses, liderados por Isabel Dorado y sus seguidores, destruyen parte de lo ya Avanzado en la reconstrucci\u00f3n del nuevo Bosque Hundido en La Sauceda, no tomado en&#8230;<\/p>\n","protected":false},"author":2,"featured_media":66773,"comment_status":"closed","ping_status":"closed","sticky":false,"template":"","format":"standard","meta":{"_crdt_document":"","_exactmetrics_skip_tracking":false,"_exactmetrics_sitenote_active":false,"_exactmetrics_sitenote_note":"","_exactmetrics_sitenote_category":0,"footnotes":""},"categories":[26,37,31,1,27,69],"tags":[71,74,76],"class_list":["post-66772","post","type-post","status-publish","format-standard","has-post-thumbnail","hentry","category-local","category-medio-ambiente","category-politica","category-seguridad","category-sonora","category-ultimas-noticias","tag-alfonso-durazo","tag-hermosillo","tag-medio-ambiente"],"_links":{"self":[{"href":"https:\/\/elpajaritonews.com\/index.php?rest_route=\/wp\/v2\/posts\/66772","targetHints":{"allow":["GET"]}}],"collection":[{"href":"https:\/\/elpajaritonews.com\/index.php?rest_route=\/wp\/v2\/posts"}],"about":[{"href":"https:\/\/elpajaritonews.com\/index.php?rest_route=\/wp\/v2\/types\/post"}],"author":[{"embeddable":true,"href":"https:\/\/elpajaritonews.com\/index.php?rest_route=\/wp\/v2\/users\/2"}],"replies":[{"embeddable":true,"href":"https:\/\/elpajaritonews.com\/index.php?rest_route=%2Fwp%2Fv2%2Fcomments&post=66772"}],"version-history":[{"count":1,"href":"https:\/\/elpajaritonews.com\/index.php?rest_route=\/wp\/v2\/posts\/66772\/revisions"}],"predecessor-version":[{"id":66774,"href":"https:\/\/elpajaritonews.com\/index.php?rest_route=\/wp\/v2\/posts\/66772\/revisions\/66774"}],"wp:featuredmedia":[{"embeddable":true,"href":"https:\/\/elpajaritonews.com\/index.php?rest_route=\/wp\/v2\/media\/66773"}],"wp:attachment":[{"href":"https:\/\/elpajaritonews.com\/index.php?rest_route=%2Fwp%2Fv2%2Fmedia&parent=66772"}],"wp:term":[{"taxonomy":"category","embeddable":true,"href":"https:\/\/elpajaritonews.com\/index.php?rest_route=%2Fwp%2Fv2%2Fcategories&post=66772"},{"taxonomy":"post_tag","embeddable":true,"href":"https:\/\/elpajaritonews.com\/index.php?rest_route=%2Fwp%2Fv2%2Ftags&post=66772"}],"curies":[{"name":"wp","href":"https:\/\/api.w.org\/{rel}","templated":true}]}}