{"id":66839,"date":"2025-08-04T13:01:59","date_gmt":"2025-08-04T20:01:59","guid":{"rendered":"https:\/\/elpajaritonews.com\/?p=66839"},"modified":"2025-08-04T13:02:03","modified_gmt":"2025-08-04T20:02:03","slug":"mexico-pedira-la-extradicion-de-una-duena-de-la-guarderia-abc-detenida-en-arizona","status":"publish","type":"post","link":"https:\/\/elpajaritonews.com\/?p=66839","title":{"rendered":"M\u00c9XICO PEDIR\u00c1 LA EXTRADICI\u00d3N DE UNA DUE\u00d1A DE LA GUARDER\u00cdA ABC DETENIDA EN ARIZONA"},"content":{"rendered":"\n<p class=\"wp-block-paragraph\">Sheinbaum confirm\u00f3 la detenci\u00f3n de Sandra Luc\u00eda T\u00e9llez en Estados Unidos. Los padres exigen que cumpla su condena en territorio mexicano<\/p>\n\n\n\n<p class=\"wp-block-paragraph\">A 16 a\u00f1os de la tragedia en la Guarder\u00eda ABC, una de las copropietarias de la estancia infantil, Sandra Luc\u00eda T\u00e9llez Nieves, fue detenida el s\u00e1bado en el estado de Arizona, Estados Unidos. La presidenta, Claudia Sheinbaum, ha informado este lunes de que su Gobierno solicitar\u00e1 la extradici\u00f3n para que enfrente la justicia en territorio mexicano.<\/p>\n\n\n\n<p class=\"wp-block-paragraph\">T\u00e9llez Nieves fue arrestada en un Centro de Detenci\u00f3n de Eloy, en Arizona, como resultado de una orden de aprehensi\u00f3n vigente desde febrero de 2022. La detenci\u00f3n ocurri\u00f3 gracias a una ficha roja emitida por Interpol, seg\u00fan inform\u00f3 el colectivo Manos Unidas por Nuestros Ni\u00f1os, conformado por madres y padres de las v\u00edctimas del incendio. \u201cEs culpable del delito de homicidio culposo y no una perseguida pol\u00edtica como pretenden posicionarla sus abogados en Arizona\u201d, escribi\u00f3 el colectivo en una carta firmada por su presidenta, Juana Luna Hern\u00e1ndez.<\/p>\n\n\n\n<p class=\"wp-block-paragraph\">\u201cApelamos a la empat\u00eda y solidaridad de la presidenta Sheinbaum para que este crimen de Estado no quede impune. Es urgente que la Fiscal\u00eda General de la Rep\u00fablica act\u00fae y garantice su extradici\u00f3n, que sea ingresada al penal correspondiente y cumpla la sentencia por la muerte y lesiones de nuestros hijos e hijas\u201d, dice la misiva. Desde Palacio Nacional, Sheinbaum asegur\u00f3 que su gobierno respaldar\u00e1 a las familias. \u201cSiempre hay que estar con las v\u00edctimas, siempre. Me reun\u00ed con algunos de ellos en Sonora. Zo\u00e9 Robledo \u2014titular del IMSS\u2014 se ha reunido much\u00edsimas veces con padres y madres de la Guarder\u00eda ABC\u201d, dijo la mandataria.<\/p>\n\n\n\n<p class=\"wp-block-paragraph\">Sandra Luc\u00eda T\u00e9llez fue sentenciada en 2016 a 28 a\u00f1os de c\u00e1rcel por homicidio culposo y lesiones, pero tras una serie de amparos y apelaciones su condena fue reducida a cinco a\u00f1os y siete meses. Desde entonces, hab\u00eda permanecido pr\u00f3fuga. El colectivo de padres denunci\u00f3 que, aunque se enteraron de su detenci\u00f3n el s\u00e1bado, ninguna autoridad mexicana les notific\u00f3 formalmente. \u201cLe pedimos al Estado mexicano que haga lo necesario para que Sandra Luc\u00eda T\u00e9llez Nieves sea extraditada y puesta a disposici\u00f3n de las autoridades mexicanas\u201d, exigen en la carta dirigida a la presidenta y al fiscal general Alejandro Gertz Manero.<\/p>\n\n\n\n<p class=\"wp-block-paragraph\">El 5 de junio de 2009, un incendio iniciado en una bodega se propag\u00f3 a la guarder\u00eda del IMSS en Hermosillo. El fuego mat\u00f3 a 49 infantes\u201425 ni\u00f1as y 24 ni\u00f1os\u2014 y dej\u00f3 a m\u00e1s de un centenar con lesiones y secuelas de por vida. Todos ten\u00edan entre cinco meses y cinco a\u00f1os de edad. La estancia infantil incumpl\u00eda normas b\u00e1sicas de seguridad: las salidas de emergencia estaban bloqueadas, no contaba con medidas contra incendios y el material de los techos era flamable.<\/p>\n\n\n\n<p class=\"wp-block-paragraph\">En 2019, diez a\u00f1os despu\u00e9s de la tragedia, el Gobierno de Andr\u00e9s Manuel L\u00f3pez Obrador decidi\u00f3 reabrir el caso para saldar la deuda de justicia que hab\u00eda con las v\u00edctimas y sus familias. La Suprema Corte de Justicia ratific\u00f3 en 2021 la culpabilidad de 22 funcionarios condenados por el incendio, sin embargo, orden\u00f3 la reducci\u00f3n de las penas al establecer que la responsabilidad por la muerte de los ni\u00f1os fue involuntaria. S\u00f3lo hay una persona en prisi\u00f3n por el caso. En 2022, el entonces presidente de la Suprema Corte de Justicia de la Naci\u00f3n, Arturo Zald\u00edvar, se\u00f1al\u00f3 abiertamente la injerencia en el caso del expresidente Felipe Calder\u00f3n en un intento de proteger a su familia, pues una de las implicadas, Marcia Matilde G\u00f3mez del Campo, era prima de la entonces primera dama, Margarita Zavala y tambi\u00e9n pariente del entonces gobernador de Sonora, Eduardo Bours Castelo. Entonces, Zald\u00edvar se\u00f1al\u00f3 como una \u201coperaci\u00f3n de Estado\u201d.<\/p>\n\n\n\n<p class=\"wp-block-paragraph\">La impunidad llev\u00f3 a los padres a recurrir a la Comisi\u00f3n Interamericana de Derechos Humanos (CIDH), que emiti\u00f3 en 2020 una resoluci\u00f3n en la que afirma que \u201cel Estado mexicano no ha esclarecido si el incendio fue causado de forma dolosa o producto de una falla t\u00e9cnica, ni ha establecido la responsabilidad de todos los implicados, entre ellos altos funcionarios p\u00fablicos de diferentes entidades estatales\u201d. La historia de impunidad que envuelve al caso ABC parece haber encontrado una nueva p\u00e1gina, en la que los padres exigen justicia real.<\/p>\n","protected":false},"excerpt":{"rendered":"<p>Sheinbaum confirm\u00f3 la detenci\u00f3n de Sandra Luc\u00eda T\u00e9llez en Estados Unidos. Los padres exigen que cumpla su condena en territorio mexicano A 16 a\u00f1os de la tragedia en la Guarder\u00eda ABC, una de las copropietarias de la estancia infantil, Sandra Luc\u00eda T\u00e9llez Nieves, fue detenida el s\u00e1bado en el estado de Arizona, Estados Unidos. La&#8230;<\/p>\n","protected":false},"author":2,"featured_media":66840,"comment_status":"closed","ping_status":"closed","sticky":false,"template":"","format":"standard","meta":{"_crdt_document":"","_exactmetrics_skip_tracking":false,"_exactmetrics_sitenote_active":false,"_exactmetrics_sitenote_note":"","_exactmetrics_sitenote_category":0,"footnotes":""},"categories":[17,80,89,88,23,38,31,1,27,69],"tags":[71,72,74,28,75,30],"class_list":["post-66839","post","type-post","status-publish","format-standard","has-post-thumbnail","hentry","category-arizona","category-derechos-humanos","category-estados-unidos","category-justicia","category-mexico","category-migracion","category-politica","category-seguridad","category-sonora","category-ultimas-noticias","tag-alfonso-durazo","tag-claudia-sheinbaum","tag-hermosillo","tag-nogales","tag-seguridad-publica","tag-sonora-tierra-de-oportunidades"],"_links":{"self":[{"href":"https:\/\/elpajaritonews.com\/index.php?rest_route=\/wp\/v2\/posts\/66839","targetHints":{"allow":["GET"]}}],"collection":[{"href":"https:\/\/elpajaritonews.com\/index.php?rest_route=\/wp\/v2\/posts"}],"about":[{"href":"https:\/\/elpajaritonews.com\/index.php?rest_route=\/wp\/v2\/types\/post"}],"author":[{"embeddable":true,"href":"https:\/\/elpajaritonews.com\/index.php?rest_route=\/wp\/v2\/users\/2"}],"replies":[{"embeddable":true,"href":"https:\/\/elpajaritonews.com\/index.php?rest_route=%2Fwp%2Fv2%2Fcomments&post=66839"}],"version-history":[{"count":1,"href":"https:\/\/elpajaritonews.com\/index.php?rest_route=\/wp\/v2\/posts\/66839\/revisions"}],"predecessor-version":[{"id":66841,"href":"https:\/\/elpajaritonews.com\/index.php?rest_route=\/wp\/v2\/posts\/66839\/revisions\/66841"}],"wp:featuredmedia":[{"embeddable":true,"href":"https:\/\/elpajaritonews.com\/index.php?rest_route=\/wp\/v2\/media\/66840"}],"wp:attachment":[{"href":"https:\/\/elpajaritonews.com\/index.php?rest_route=%2Fwp%2Fv2%2Fmedia&parent=66839"}],"wp:term":[{"taxonomy":"category","embeddable":true,"href":"https:\/\/elpajaritonews.com\/index.php?rest_route=%2Fwp%2Fv2%2Fcategories&post=66839"},{"taxonomy":"post_tag","embeddable":true,"href":"https:\/\/elpajaritonews.com\/index.php?rest_route=%2Fwp%2Fv2%2Ftags&post=66839"}],"curies":[{"name":"wp","href":"https:\/\/api.w.org\/{rel}","templated":true}]}}