{"id":66862,"date":"2025-08-05T17:42:11","date_gmt":"2025-08-06T00:42:11","guid":{"rendered":"https:\/\/elpajaritonews.com\/?p=66862"},"modified":"2025-08-05T17:42:14","modified_gmt":"2025-08-06T00:42:14","slug":"dependencias-estatales-presentan-actividades-del-mes-de-las-juventudes-y-bazar-escolar-2025","status":"publish","type":"post","link":"https:\/\/elpajaritonews.com\/?p=66862","title":{"rendered":"DEPENDENCIAS ESTATALES PRESENTAN ACTIVIDADES DEL \u201cMES DE LAS JUVENTUDES Y BAZAR ESCOLAR 2025\u201d"},"content":{"rendered":"\n<p class=\"wp-block-paragraph\">Por Aide D\u00e1vila<\/p>\n\n\n\n<p class=\"wp-block-paragraph\">Este lunes se llev\u00f3 a cabo una conferencia en la Sala de Prensa de Comunicaci\u00f3n Social del Gobierno del Estado, donde el Instituto Sonorense de la Juventud (ISJ) y el Sistema DIF Sonora presentaron sus pr\u00f3ximas actividades dirigidas a la poblaci\u00f3n juvenil y familiar.<\/p>\n\n\n\n<p class=\"wp-block-paragraph\">Por parte del ISJ, la directora Rebeca Valenzuela, anunci\u00f3 una serie de eventos y talleres que se realizar\u00e1n durante el mes de agosto en distintos municipios, con el objetivo de fomentar la participaci\u00f3n juvenil en espacios art\u00edsticos, culturales, educativos y de desarrollo personal.<\/p>\n\n\n\n<p class=\"wp-block-paragraph\">Entre las actividades destacan:<\/p>\n\n\n\n<p class=\"wp-block-paragraph\">Torneo Estatal de Freestyle, en colaboraci\u00f3n con la Secretar\u00eda de Educaci\u00f3n y Cultura (SEC) y Radio Sonora. Iniciar\u00e1 el 7 de agosto en Nogales y concluir\u00e1 con una final estatal el 14 de noviembre. La persona ganadora representar\u00e1 a Sonora en el Torneo Nacional Supremac\u00eda MC, a celebrarse en Guadalajara.<\/p>\n\n\n\n<p class=\"wp-block-paragraph\">Final de \u201cAtr\u00e9vete a Brillar\u201d, el 23 de agosto. Se trata de una muestra art\u00edstica de j\u00f3venes talentos, en la que se otorgar\u00e1n becas de formaci\u00f3n a participantes destacados.<\/p>\n\n\n\n<p class=\"wp-block-paragraph\">Diversiferi, el 24 de agosto. Evento dedicado a la expresi\u00f3n art\u00edstica, cultural y de convivencia con la comunidad LGBTTTIQ+.<\/p>\n\n\n\n<p class=\"wp-block-paragraph\">Talleres enfocados en inteligencia emocional, arte terapia y manejo de redes sociales para emprendedores. Se impartir\u00e1n del 21 al 31 de agosto<\/p>\n","protected":false},"excerpt":{"rendered":"<p>Por Aide D\u00e1vila Este lunes se llev\u00f3 a cabo una conferencia en la Sala de Prensa de Comunicaci\u00f3n Social del Gobierno del Estado, donde el Instituto Sonorense de la Juventud (ISJ) y el Sistema DIF Sonora presentaron sus pr\u00f3ximas actividades dirigidas a la poblaci\u00f3n juvenil y familiar. Por parte del ISJ, la directora Rebeca Valenzuela,&#8230;<\/p>\n","protected":false},"author":2,"featured_media":66863,"comment_status":"closed","ping_status":"closed","sticky":false,"template":"","format":"standard","meta":{"_crdt_document":"","_exactmetrics_skip_tracking":false,"_exactmetrics_sitenote_active":false,"_exactmetrics_sitenote_note":"","_exactmetrics_sitenote_category":0,"footnotes":""},"categories":[33,26,31,27,69],"tags":[71,74,30],"class_list":["post-66862","post","type-post","status-publish","format-standard","has-post-thumbnail","hentry","category-educacion","category-local","category-politica","category-sonora","category-ultimas-noticias","tag-alfonso-durazo","tag-hermosillo","tag-sonora-tierra-de-oportunidades"],"_links":{"self":[{"href":"https:\/\/elpajaritonews.com\/index.php?rest_route=\/wp\/v2\/posts\/66862","targetHints":{"allow":["GET"]}}],"collection":[{"href":"https:\/\/elpajaritonews.com\/index.php?rest_route=\/wp\/v2\/posts"}],"about":[{"href":"https:\/\/elpajaritonews.com\/index.php?rest_route=\/wp\/v2\/types\/post"}],"author":[{"embeddable":true,"href":"https:\/\/elpajaritonews.com\/index.php?rest_route=\/wp\/v2\/users\/2"}],"replies":[{"embeddable":true,"href":"https:\/\/elpajaritonews.com\/index.php?rest_route=%2Fwp%2Fv2%2Fcomments&post=66862"}],"version-history":[{"count":1,"href":"https:\/\/elpajaritonews.com\/index.php?rest_route=\/wp\/v2\/posts\/66862\/revisions"}],"predecessor-version":[{"id":66864,"href":"https:\/\/elpajaritonews.com\/index.php?rest_route=\/wp\/v2\/posts\/66862\/revisions\/66864"}],"wp:featuredmedia":[{"embeddable":true,"href":"https:\/\/elpajaritonews.com\/index.php?rest_route=\/wp\/v2\/media\/66863"}],"wp:attachment":[{"href":"https:\/\/elpajaritonews.com\/index.php?rest_route=%2Fwp%2Fv2%2Fmedia&parent=66862"}],"wp:term":[{"taxonomy":"category","embeddable":true,"href":"https:\/\/elpajaritonews.com\/index.php?rest_route=%2Fwp%2Fv2%2Fcategories&post=66862"},{"taxonomy":"post_tag","embeddable":true,"href":"https:\/\/elpajaritonews.com\/index.php?rest_route=%2Fwp%2Fv2%2Ftags&post=66862"}],"curies":[{"name":"wp","href":"https:\/\/api.w.org\/{rel}","templated":true}]}}