{"id":66865,"date":"2025-08-05T18:57:48","date_gmt":"2025-08-06T01:57:48","guid":{"rendered":"https:\/\/elpajaritonews.com\/?p=66865"},"modified":"2025-08-05T18:57:51","modified_gmt":"2025-08-06T01:57:51","slug":"designan-a-claudia-pavlovich-exgobernadora-del-pri-como-embajadora-en-panama-es-una-ofensa-para-victimas-del-abc-oposicion","status":"publish","type":"post","link":"https:\/\/elpajaritonews.com\/?p=66865","title":{"rendered":"DESIGNAN A CLAUDIA PAVLOVICH, EXGOBERNADORA DEL PRI, COMO EMBAJADORA EN PANAM\u00c1; ES UNA OFENSA PARA V\u00cdCTIMAS DEL ABC: OPOSICI\u00d3N"},"content":{"rendered":"\n<p class=\"wp-block-paragraph\">Su nombramiento debe ser analizado y ratificado por la Comisi\u00f3n Permanente<\/p>\n\n\n\n<p class=\"wp-block-paragraph\">La presidenta Claudia Sheinbaum formaliz\u00f3 ante la Comisi\u00f3n Permanente del Congreso de la Uni\u00f3n su propuesta para designar la exgobernadora priista de Sonora Claudia Pavlovich como embajadora Extraordinaria y Plenipotenciaria de M\u00e9xico en la Rep\u00fablica de Panam\u00e1.<\/p>\n\n\n\n<p class=\"wp-block-paragraph\">A trav\u00e9s de un oficio firmado por la secretaria de Gobernaci\u00f3n, Rosa Icela Rodr\u00edguez, se notific\u00f3 al senador Gerardo Fern\u00e1ndez Noro\u00f1a, presidente de la Mesa Directiva, sobre la decisi\u00f3n presidencial, conforme a lo dispuesto por la fracci\u00f3n III del art\u00edculo 89 constitucional, que faculta al titular del Ejecutivo para nombrar embajadores, con ratificaci\u00f3n del Senado o, en su caso, de la Comisi\u00f3n Permanente.<\/p>\n\n\n\n<figure class=\"wp-block-image size-full\"><img loading=\"lazy\" decoding=\"async\" width=\"475\" height=\"600\" src=\"https:\/\/elpajaritonews.com\/wp-content\/uploads\/2025\/08\/527891629_765366619195654_2964896379227750924_n.jpg\" alt=\"\" class=\"wp-image-66867\" srcset=\"https:\/\/elpajaritonews.com\/wp-content\/uploads\/2025\/08\/527891629_765366619195654_2964896379227750924_n.jpg 475w, https:\/\/elpajaritonews.com\/wp-content\/uploads\/2025\/08\/527891629_765366619195654_2964896379227750924_n-238x300.jpg 238w\" sizes=\"auto, (max-width: 475px) 100vw, 475px\" \/><\/figure>\n\n\n\n<p class=\"wp-block-paragraph\">El documento, recibido la ma\u00f1ana de este martes en las instalaciones del Senado, incluye datos biogr\u00e1ficos y carpetas informativas de la propuesta diplom\u00e1tica, con apego a la Ley General de Protecci\u00f3n de Datos Personales en Posesi\u00f3n de Sujetos Obligados.<\/p>\n\n\n\n<p class=\"wp-block-paragraph\">La designaci\u00f3n de Claudia Pavlovich, expulsada del PRI por aceptar el consulado general de M\u00e9xico en Barcelona, Espa\u00f1a, reactiv\u00f3 cuestionamientos de partidos y legisladores de oposici\u00f3n.<\/p>\n\n\n\n<p class=\"wp-block-paragraph\">La senadora del PAN Lilly T\u00e9llez critic\u00f3 en redes sociales el nombramiento, que \u201crepresenta una ofensa a las v\u00edctimas del caso ABC\u201d, al recordar la relaci\u00f3n de Pavlovich con los due\u00f1os de la guarder\u00eda donde murieron 49 ni\u00f1as, ni\u00f1os y beb\u00e9s.<\/p>\n\n\n\n<p class=\"wp-block-paragraph\">\u201cMorena volver\u00e1 a insultar a v\u00edctimas ABC: Claudia Sheinbaum regalar\u00e1 embajada en Panam\u00e1 a la corrupta Claudia Pavlovich, la que defendi\u00f3 a los due\u00f1os de la guarder\u00eda ABC, la que defendi\u00f3 a Sandra Luc\u00eda T\u00e9llez\u201d, escribi\u00f3 la legisladora.<\/p>\n\n\n\n<p class=\"wp-block-paragraph\">Claudia Pavlovich fue gobernadora de Sonora entre 2015 y 2021 y, tras dejar el cargo, el expresidente Andr\u00e9s Manuel L\u00f3pez Obrador la nombr\u00f3 c\u00f3nsul en Barcelona, lo que ya provoc\u00f3 el enojo de la dirigencia nacional del PRI, partido que la expuls\u00f3 en cuanto rindi\u00f3 protesta ante el Senado.<\/p>\n\n\n\n<p class=\"wp-block-paragraph\">Este nuevo nombramiento deber\u00e1 ser analizado y ratificado en este mes por el pleno de la Comisi\u00f3n Permanente o por el Senado de la Rep\u00fablica a partir de septiembre, cuando inicia el periodo ordinario de sesiones.<\/p>\n","protected":false},"excerpt":{"rendered":"<p>Su nombramiento debe ser analizado y ratificado por la Comisi\u00f3n Permanente La presidenta Claudia Sheinbaum formaliz\u00f3 ante la Comisi\u00f3n Permanente del Congreso de la Uni\u00f3n su propuesta para designar la exgobernadora priista de Sonora Claudia Pavlovich como embajadora Extraordinaria y Plenipotenciaria de M\u00e9xico en la Rep\u00fablica de Panam\u00e1. A trav\u00e9s de un oficio firmado por&#8230;<\/p>\n","protected":false},"author":2,"featured_media":66866,"comment_status":"closed","ping_status":"closed","sticky":false,"template":"","format":"standard","meta":{"_crdt_document":"","_exactmetrics_skip_tracking":false,"_exactmetrics_sitenote_active":false,"_exactmetrics_sitenote_note":"","_exactmetrics_sitenote_category":0,"footnotes":""},"categories":[88,26,23,24,31,1,27,69],"tags":[71,72,74,75],"class_list":["post-66865","post","type-post","status-publish","format-standard","has-post-thumbnail","hentry","category-justicia","category-local","category-mexico","category-mundo","category-politica","category-seguridad","category-sonora","category-ultimas-noticias","tag-alfonso-durazo","tag-claudia-sheinbaum","tag-hermosillo","tag-seguridad-publica"],"_links":{"self":[{"href":"https:\/\/elpajaritonews.com\/index.php?rest_route=\/wp\/v2\/posts\/66865","targetHints":{"allow":["GET"]}}],"collection":[{"href":"https:\/\/elpajaritonews.com\/index.php?rest_route=\/wp\/v2\/posts"}],"about":[{"href":"https:\/\/elpajaritonews.com\/index.php?rest_route=\/wp\/v2\/types\/post"}],"author":[{"embeddable":true,"href":"https:\/\/elpajaritonews.com\/index.php?rest_route=\/wp\/v2\/users\/2"}],"replies":[{"embeddable":true,"href":"https:\/\/elpajaritonews.com\/index.php?rest_route=%2Fwp%2Fv2%2Fcomments&post=66865"}],"version-history":[{"count":1,"href":"https:\/\/elpajaritonews.com\/index.php?rest_route=\/wp\/v2\/posts\/66865\/revisions"}],"predecessor-version":[{"id":66868,"href":"https:\/\/elpajaritonews.com\/index.php?rest_route=\/wp\/v2\/posts\/66865\/revisions\/66868"}],"wp:featuredmedia":[{"embeddable":true,"href":"https:\/\/elpajaritonews.com\/index.php?rest_route=\/wp\/v2\/media\/66866"}],"wp:attachment":[{"href":"https:\/\/elpajaritonews.com\/index.php?rest_route=%2Fwp%2Fv2%2Fmedia&parent=66865"}],"wp:term":[{"taxonomy":"category","embeddable":true,"href":"https:\/\/elpajaritonews.com\/index.php?rest_route=%2Fwp%2Fv2%2Fcategories&post=66865"},{"taxonomy":"post_tag","embeddable":true,"href":"https:\/\/elpajaritonews.com\/index.php?rest_route=%2Fwp%2Fv2%2Ftags&post=66865"}],"curies":[{"name":"wp","href":"https:\/\/api.w.org\/{rel}","templated":true}]}}