{"id":66892,"date":"2025-08-06T17:18:29","date_gmt":"2025-08-07T00:18:29","guid":{"rendered":"https:\/\/elpajaritonews.com\/?p=66892"},"modified":"2025-08-06T17:18:32","modified_gmt":"2025-08-07T00:18:32","slug":"gobernador-durazo-da-historico-impulso-al-talento-sonorense-con-120-mil-pesos-del-premio-estatal-de-la-juventud","status":"publish","type":"post","link":"https:\/\/elpajaritonews.com\/?p=66892","title":{"rendered":"GOBERNADOR DURAZO DA HIST\u00d3RICO IMPULSO AL TALENTO SONORENSE CON 120 MIL PESOS DEL PREMIO ESTATAL DE LA JUVENTUD"},"content":{"rendered":"\n<p class=\"wp-block-paragraph\">\u2022\u2060 \u2060Para refrendar su compromiso con el impulso al talento de las y los j\u00f3venes sonorenses, el gobernador Alfonso Durazo Monta\u00f1o anunci\u00f3 el lanzamiento del Premio Estatal de la Juventud 2025, con el cual se reconocer\u00e1 a 48 j\u00f3venes de entre 12 y 29 a\u00f1os con un est\u00edmulo econ\u00f3mico de 120 mil pesos cada uno.<\/p>\n\n\n\n<figure class=\"wp-block-image size-large\"><img loading=\"lazy\" decoding=\"async\" width=\"819\" height=\"1024\" src=\"https:\/\/elpajaritonews.com\/wp-content\/uploads\/2025\/08\/6decdb10-f7d9-436c-98cc-ee2c884be5bf-819x1024.jpg\" alt=\"\" class=\"wp-image-66893\" srcset=\"https:\/\/elpajaritonews.com\/wp-content\/uploads\/2025\/08\/6decdb10-f7d9-436c-98cc-ee2c884be5bf-819x1024.jpg 819w, https:\/\/elpajaritonews.com\/wp-content\/uploads\/2025\/08\/6decdb10-f7d9-436c-98cc-ee2c884be5bf-240x300.jpg 240w, https:\/\/elpajaritonews.com\/wp-content\/uploads\/2025\/08\/6decdb10-f7d9-436c-98cc-ee2c884be5bf-768x960.jpg 768w, https:\/\/elpajaritonews.com\/wp-content\/uploads\/2025\/08\/6decdb10-f7d9-436c-98cc-ee2c884be5bf.jpg 1080w\" sizes=\"auto, (max-width: 819px) 100vw, 819px\" \/><\/figure>\n\n\n\n<p class=\"wp-block-paragraph\">\u2022\u2060 \u2060Gracias al reconocimiento que el mandatario ha brindado al potencial de las juventudes, por primera vez en Sonora este premio otorgar\u00e1 el mayor monto econ\u00f3mico de su historia, al pasar de 10 mil a 120 mil pesos en 2025, convirti\u00e9ndose en el galard\u00f3n m\u00e1s importante del pa\u00eds en su tipo.<\/p>\n\n\n\n<p class=\"wp-block-paragraph\">Con el objetivo de reconocer el talento, esfuerzo y compromiso de las juventudes sonorenses para desarrollar ideas y proyectos que impulsen el progreso social, el gobernador Alfonso Durazo Monta\u00f1o anunci\u00f3 la convocatoria del Premio Estatal de la Juventud (PEJ) 2025, considerado el galard\u00f3n m\u00e1s importante en su tipo a nivel nacional, tanto por el n\u00famero de personas beneficiadas como por la bolsa econ\u00f3mica que lo respalda.<\/p>\n\n\n\n<p class=\"wp-block-paragraph\">El mandatario inform\u00f3 que, en esta edici\u00f3n, 48 j\u00f3venes de entre 12 y 29 a\u00f1os ser\u00e1n premiados con 120 mil pesos cada uno, reafirmando el compromiso de su gobierno por abrir m\u00e1s oportunidades e impulsar la formaci\u00f3n de quienes representan el presente y futuro de Sonora.<\/p>\n\n\n\n<p class=\"wp-block-paragraph\">Durazo Monta\u00f1o record\u00f3 que, al inicio de su administraci\u00f3n, este premio contemplaba \u00fanicamente a 12 j\u00f3venes con un est\u00edmulo de 10 mil pesos por persona, lo que refleja el crecimiento hist\u00f3rico alcanzado durante su gesti\u00f3n.<\/p>\n\n\n\n<p class=\"wp-block-paragraph\">\u201cHemos ampliado este reconocimiento de manera exponencial porque creemos firmemente en el talento de nuestra juventud y queremos brindarles mayores oportunidades para seguir desarroll\u00e1ndose y aportando al bienestar de Sonora\u201d, destac\u00f3 el gobernador.<\/p>\n\n\n\n<p class=\"wp-block-paragraph\">Las 48 distinciones se distribuir\u00e1n en cuatro categor\u00edas de edad: de 12 a 15 a\u00f1os, de 16 a 19 a\u00f1os, de 20 a 24 a\u00f1os y de 25 a 29 a\u00f1os.<\/p>\n\n\n\n<p class=\"wp-block-paragraph\">Asimismo, se reconocer\u00e1 a las y los j\u00f3venes en diversas \u00e1reas como: Logro Acad\u00e9mico, Logro Deportivo, Grupos de Baile, Canto, Bandas de Guerra, Discapacidad e Integraci\u00f3n, Fortalecimiento de las Culturas Ind\u00edgenas, y el video \u201cUn Minuto por la Prevenci\u00f3n\u201d, entre otras.<\/p>\n\n\n\n<figure class=\"wp-block-image size-large\"><img loading=\"lazy\" decoding=\"async\" width=\"819\" height=\"1024\" src=\"https:\/\/elpajaritonews.com\/wp-content\/uploads\/2025\/08\/bcf75a2d-a701-4719-9332-431e31d37d8b-819x1024.jpg\" alt=\"\" class=\"wp-image-66894\" srcset=\"https:\/\/elpajaritonews.com\/wp-content\/uploads\/2025\/08\/bcf75a2d-a701-4719-9332-431e31d37d8b-819x1024.jpg 819w, https:\/\/elpajaritonews.com\/wp-content\/uploads\/2025\/08\/bcf75a2d-a701-4719-9332-431e31d37d8b-240x300.jpg 240w, https:\/\/elpajaritonews.com\/wp-content\/uploads\/2025\/08\/bcf75a2d-a701-4719-9332-431e31d37d8b-768x960.jpg 768w, https:\/\/elpajaritonews.com\/wp-content\/uploads\/2025\/08\/bcf75a2d-a701-4719-9332-431e31d37d8b.jpg 1080w\" sizes=\"auto, (max-width: 819px) 100vw, 819px\" \/><\/figure>\n\n\n\n<p class=\"wp-block-paragraph\">La convocatoria permanecer\u00e1 abierta hasta el 1 de noviembre de 2025. Las bases completas y el registro est\u00e1n disponibles en: bio.link\/isjuventud.<\/p>\n","protected":false},"excerpt":{"rendered":"<p>\u2022\u2060 \u2060Para refrendar su compromiso con el impulso al talento de las y los j\u00f3venes sonorenses, el gobernador Alfonso Durazo Monta\u00f1o anunci\u00f3 el lanzamiento del Premio Estatal de la Juventud 2025, con el cual se reconocer\u00e1 a 48 j\u00f3venes de entre 12 y 29 a\u00f1os con un est\u00edmulo econ\u00f3mico de 120 mil pesos cada uno&#8230;.<\/p>\n","protected":false},"author":2,"featured_media":66895,"comment_status":"closed","ping_status":"closed","sticky":false,"template":"","format":"standard","meta":{"_crdt_document":"","_exactmetrics_skip_tracking":false,"_exactmetrics_sitenote_active":false,"_exactmetrics_sitenote_note":"","_exactmetrics_sitenote_category":0,"footnotes":""},"categories":[18,21,80,36,33,22,26,31,27,69],"tags":[71,72,74,28,30],"class_list":["post-66892","post","type-post","status-publish","format-standard","has-post-thumbnail","hentry","category-ciencia","category-deportes","category-derechos-humanos","category-economia","category-educacion","category-escena","category-local","category-politica","category-sonora","category-ultimas-noticias","tag-alfonso-durazo","tag-claudia-sheinbaum","tag-hermosillo","tag-nogales","tag-sonora-tierra-de-oportunidades"],"_links":{"self":[{"href":"https:\/\/elpajaritonews.com\/index.php?rest_route=\/wp\/v2\/posts\/66892","targetHints":{"allow":["GET"]}}],"collection":[{"href":"https:\/\/elpajaritonews.com\/index.php?rest_route=\/wp\/v2\/posts"}],"about":[{"href":"https:\/\/elpajaritonews.com\/index.php?rest_route=\/wp\/v2\/types\/post"}],"author":[{"embeddable":true,"href":"https:\/\/elpajaritonews.com\/index.php?rest_route=\/wp\/v2\/users\/2"}],"replies":[{"embeddable":true,"href":"https:\/\/elpajaritonews.com\/index.php?rest_route=%2Fwp%2Fv2%2Fcomments&post=66892"}],"version-history":[{"count":1,"href":"https:\/\/elpajaritonews.com\/index.php?rest_route=\/wp\/v2\/posts\/66892\/revisions"}],"predecessor-version":[{"id":66896,"href":"https:\/\/elpajaritonews.com\/index.php?rest_route=\/wp\/v2\/posts\/66892\/revisions\/66896"}],"wp:featuredmedia":[{"embeddable":true,"href":"https:\/\/elpajaritonews.com\/index.php?rest_route=\/wp\/v2\/media\/66895"}],"wp:attachment":[{"href":"https:\/\/elpajaritonews.com\/index.php?rest_route=%2Fwp%2Fv2%2Fmedia&parent=66892"}],"wp:term":[{"taxonomy":"category","embeddable":true,"href":"https:\/\/elpajaritonews.com\/index.php?rest_route=%2Fwp%2Fv2%2Fcategories&post=66892"},{"taxonomy":"post_tag","embeddable":true,"href":"https:\/\/elpajaritonews.com\/index.php?rest_route=%2Fwp%2Fv2%2Ftags&post=66892"}],"curies":[{"name":"wp","href":"https:\/\/api.w.org\/{rel}","templated":true}]}}