{"id":66897,"date":"2025-08-06T17:37:49","date_gmt":"2025-08-07T00:37:49","guid":{"rendered":"https:\/\/elpajaritonews.com\/?p=66897"},"modified":"2025-08-06T17:37:51","modified_gmt":"2025-08-07T00:37:51","slug":"el-congreso-de-sonora-convoca-a-foros-sobre-reformas-en-materia-de-transparencia-y-modernizacion-judicial","status":"publish","type":"post","link":"https:\/\/elpajaritonews.com\/?p=66897","title":{"rendered":"EL CONGRESO DE SONORA CONVOCA A FOROS SOBRE REFORMAS EN MATERIA DE TRANSPARENCIA Y MODERNIZACI\u00d3N JUDICIAL"},"content":{"rendered":"\n<p class=\"wp-block-paragraph\">Con el objetivo de promover la participaci\u00f3n ciudadana en el proceso legislativo, el Congreso del Estado convoc\u00f3 a la ciudadan\u00eda a participar en foros de socializaci\u00f3n de las propuestas de reforma a diversas leyes fundamentales para la vida p\u00fablica de la entidad.<\/p>\n\n\n\n<p class=\"wp-block-paragraph\">En esta ocasi\u00f3n, se someter\u00e1n a consulta las iniciativas que proponen modificar la Ley de Transparencia y Acceso a la Informaci\u00f3n P\u00fablica, la Ley de Protecci\u00f3n de Datos Personales en Posesi\u00f3n de Sujetos Obligados, as\u00ed como la Ley Org\u00e1nica del Poder Judicial del Estado.<\/p>\n\n\n\n<figure class=\"wp-block-image size-large\"><img loading=\"lazy\" decoding=\"async\" width=\"576\" height=\"1024\" src=\"https:\/\/elpajaritonews.com\/wp-content\/uploads\/2025\/08\/000b21d4-e7a7-40c4-8ae9-ef3345f3bb98-576x1024.jpg\" alt=\"\" class=\"wp-image-66899\" srcset=\"https:\/\/elpajaritonews.com\/wp-content\/uploads\/2025\/08\/000b21d4-e7a7-40c4-8ae9-ef3345f3bb98-576x1024.jpg 576w, https:\/\/elpajaritonews.com\/wp-content\/uploads\/2025\/08\/000b21d4-e7a7-40c4-8ae9-ef3345f3bb98-169x300.jpg 169w, https:\/\/elpajaritonews.com\/wp-content\/uploads\/2025\/08\/000b21d4-e7a7-40c4-8ae9-ef3345f3bb98.jpg 720w\" sizes=\"auto, (max-width: 576px) 100vw, 576px\" \/><\/figure>\n\n\n\n<p class=\"wp-block-paragraph\">Estos encuentros tienen la finalidad de recoger opiniones, observaciones y aportaciones de la ciudadan\u00eda, personas especialistas y acad\u00e9micas, con el prop\u00f3sito de enriquecer las propuestas legislativas y construir un marco jur\u00eddico m\u00e1s s\u00f3lido, transparente y acorde a las necesidades actuales de la sociedad sonorense.<\/p>\n\n\n\n<p class=\"wp-block-paragraph\">Los foros se llevar\u00e1n a cabo el pr\u00f3ximo viernes 8 de agosto en la Sala de Comisiones del Congreso del Estado, en los siguientes horarios:<\/p>\n\n\n\n<p class=\"wp-block-paragraph\">\u2022 Foro sobre la Ley de Transparencia y Protecci\u00f3n de Datos Personales: 11:00 horas<\/p>\n\n\n\n<p class=\"wp-block-paragraph\">\u2022 Foro sobre la reforma a la Ley Org\u00e1nica del Poder Judicial del Estado: 14:00 horas<\/p>\n\n\n\n<p class=\"wp-block-paragraph\">Las convocatorias completas pueden consultarse en el sitio oficial del Congreso del Estado de Sonora, congresoson.gob.mx.<\/p>\n\n\n\n<figure class=\"wp-block-image size-large\"><img loading=\"lazy\" decoding=\"async\" width=\"576\" height=\"1024\" src=\"https:\/\/elpajaritonews.com\/wp-content\/uploads\/2025\/08\/7b70942c-e4ee-48db-8669-282b9ebdf9d3-576x1024.jpg\" alt=\"\" class=\"wp-image-66900\" srcset=\"https:\/\/elpajaritonews.com\/wp-content\/uploads\/2025\/08\/7b70942c-e4ee-48db-8669-282b9ebdf9d3-576x1024.jpg 576w, https:\/\/elpajaritonews.com\/wp-content\/uploads\/2025\/08\/7b70942c-e4ee-48db-8669-282b9ebdf9d3-169x300.jpg 169w, https:\/\/elpajaritonews.com\/wp-content\/uploads\/2025\/08\/7b70942c-e4ee-48db-8669-282b9ebdf9d3-768x1365.jpg 768w, https:\/\/elpajaritonews.com\/wp-content\/uploads\/2025\/08\/7b70942c-e4ee-48db-8669-282b9ebdf9d3-864x1536.jpg 864w, https:\/\/elpajaritonews.com\/wp-content\/uploads\/2025\/08\/7b70942c-e4ee-48db-8669-282b9ebdf9d3.jpg 900w\" sizes=\"auto, (max-width: 576px) 100vw, 576px\" \/><\/figure>\n","protected":false},"excerpt":{"rendered":"<p>Con el objetivo de promover la participaci\u00f3n ciudadana en el proceso legislativo, el Congreso del Estado convoc\u00f3 a la ciudadan\u00eda a participar en foros de socializaci\u00f3n de las propuestas de reforma a diversas leyes fundamentales para la vida p\u00fablica de la entidad. En esta ocasi\u00f3n, se someter\u00e1n a consulta las iniciativas que proponen modificar la&#8230;<\/p>\n","protected":false},"author":2,"featured_media":66898,"comment_status":"closed","ping_status":"closed","sticky":false,"template":"","format":"standard","meta":{"_crdt_document":"","_exactmetrics_skip_tracking":false,"_exactmetrics_sitenote_active":false,"_exactmetrics_sitenote_note":"","_exactmetrics_sitenote_category":0,"footnotes":""},"categories":[20,88,26,82,31,27,69],"tags":[73],"class_list":["post-66897","post","type-post","status-publish","format-standard","has-post-thumbnail","hentry","category-congreso","category-justicia","category-local","category-poder-judicial","category-politica","category-sonora","category-ultimas-noticias","tag-congreso-del-estado-de-sonora"],"_links":{"self":[{"href":"https:\/\/elpajaritonews.com\/index.php?rest_route=\/wp\/v2\/posts\/66897","targetHints":{"allow":["GET"]}}],"collection":[{"href":"https:\/\/elpajaritonews.com\/index.php?rest_route=\/wp\/v2\/posts"}],"about":[{"href":"https:\/\/elpajaritonews.com\/index.php?rest_route=\/wp\/v2\/types\/post"}],"author":[{"embeddable":true,"href":"https:\/\/elpajaritonews.com\/index.php?rest_route=\/wp\/v2\/users\/2"}],"replies":[{"embeddable":true,"href":"https:\/\/elpajaritonews.com\/index.php?rest_route=%2Fwp%2Fv2%2Fcomments&post=66897"}],"version-history":[{"count":1,"href":"https:\/\/elpajaritonews.com\/index.php?rest_route=\/wp\/v2\/posts\/66897\/revisions"}],"predecessor-version":[{"id":66901,"href":"https:\/\/elpajaritonews.com\/index.php?rest_route=\/wp\/v2\/posts\/66897\/revisions\/66901"}],"wp:featuredmedia":[{"embeddable":true,"href":"https:\/\/elpajaritonews.com\/index.php?rest_route=\/wp\/v2\/media\/66898"}],"wp:attachment":[{"href":"https:\/\/elpajaritonews.com\/index.php?rest_route=%2Fwp%2Fv2%2Fmedia&parent=66897"}],"wp:term":[{"taxonomy":"category","embeddable":true,"href":"https:\/\/elpajaritonews.com\/index.php?rest_route=%2Fwp%2Fv2%2Fcategories&post=66897"},{"taxonomy":"post_tag","embeddable":true,"href":"https:\/\/elpajaritonews.com\/index.php?rest_route=%2Fwp%2Fv2%2Ftags&post=66897"}],"curies":[{"name":"wp","href":"https:\/\/api.w.org\/{rel}","templated":true}]}}