{"id":66902,"date":"2025-08-06T18:01:37","date_gmt":"2025-08-07T01:01:37","guid":{"rendered":"https:\/\/elpajaritonews.com\/?p=66902"},"modified":"2025-08-06T18:01:39","modified_gmt":"2025-08-07T01:01:39","slug":"aprueba-congreso-de-sonora-actas-y-presenta-posicionamientos-sobre-justicia-social-derechos-indigenas-y-regularizacion-de-autos","status":"publish","type":"post","link":"https:\/\/elpajaritonews.com\/?p=66902","title":{"rendered":"APRUEBA CONGRESO DE SONORA ACTAS Y PRESENTA POSICIONAMIENTOS SOBRE JUSTICIA SOCIAL, DERECHOS IND\u00cdGENAS Y REGULARIZACI\u00d3N DE AUTOS"},"content":{"rendered":"\n<p class=\"wp-block-paragraph\">La Mesa Directiva de la Diputaci\u00f3n Permanente del Congreso de Sonora aprob\u00f3 las actas correspondientes a las sesiones celebradas los d\u00edas 15 de diciembre de 2024, 15 de enero, 25 de junio y 2 de julio de 2025. Asimismo, durante la sesi\u00f3n se presentaron posicionamientos en respaldo a las pol\u00edticas federales y estatales que impulsan la justicia social y el reconocimiento de los derechos de los pueblos originarios, adem\u00e1s de un llamado a brindar una soluci\u00f3n justa a miles de familias afectadas por restricciones en el emplacamiento de veh\u00edculos importados.<\/p>\n\n\n\n<figure class=\"wp-block-embed is-type-video is-provider-youtube wp-block-embed-youtube wp-embed-aspect-16-9 wp-has-aspect-ratio\"><div class=\"wp-block-embed__wrapper\">\n<iframe loading=\"lazy\" title=\"16 de Julio 2025 - Sesi\u00f3n de la Diputaci\u00f3n Permanente\" width=\"640\" height=\"360\" src=\"https:\/\/www.youtube.com\/embed\/6u_HaIIcAdA?feature=oembed\" frameborder=\"0\" allow=\"accelerometer; autoplay; clipboard-write; encrypted-media; gyroscope; picture-in-picture; web-share\" referrerpolicy=\"strict-origin-when-cross-origin\" allowfullscreen><\/iframe>\n<\/div><\/figure>\n\n\n\n<p class=\"wp-block-paragraph\">El diputado Pr\u00f3spero Valenzuela M\u00fa\u00f1er (Morena) dio lectura a un posicionamiento en el que expres\u00f3 su respaldo al trabajo que encabezan la presidenta de la Rep\u00fablica, Claudia Sheinbaum Pardo, y el gobernador de Sonora, Alfonso Durazo Monta\u00f1o, destacando que ambos niveles de gobierno han impulsado inversiones hist\u00f3ricas en sectores como salud, educaci\u00f3n, infraestructura y desarrollo comunitario, con especial atenci\u00f3n a las regiones habitadas por pueblos ind\u00edgenas.<\/p>\n\n\n\n<p class=\"wp-block-paragraph\">Se\u00f1al\u00f3 que estas acciones no solo representan avances concretos en materia de bienestar social, sino tambi\u00e9n el cumplimiento de un compromiso con la justicia hist\u00f3rica hacia los pueblos originarios, subrayando la importancia de seguir apoyando a quienes m\u00e1s lo necesitan, garantizando su inclusi\u00f3n, el respeto a sus derechos y su participaci\u00f3n activa en las decisiones que impactan sus comunidades.<\/p>\n\n\n\n<p class=\"wp-block-paragraph\">Por su parte, el diputado Jes\u00fas Manuel Scott S\u00e1nchez (MC) solicit\u00f3 al Gobierno de Sonora una soluci\u00f3n pronta y justa para las m\u00e1s de 20 mil familias afectadas por las restricciones en el emplacamiento de veh\u00edculos importados bajo el pedimento \u201cA3\u201d, que han generado incertidumbre y dificultades para quienes buscan regularizar sus unidades con esfuerzo y conforme a la ley.<\/p>\n\n\n\n<p class=\"wp-block-paragraph\">Asimismo, enfatiz\u00f3 la necesidad de que las autoridades act\u00faen con rapidez para evitar mayores perjuicios sociales y econ\u00f3micos, garantizando certeza jur\u00eddica y equidad a quienes cumplen con sus obligaciones legales.<\/p>\n\n\n\n<p class=\"wp-block-paragraph\">En el marco de la Feria de la Pitaya 2025, y previo a la sesi\u00f3n, el diputado Rub\u00e9n Refugio Gonz\u00e1lez Aguayo (PT) encabez\u00f3 una muestra gastron\u00f3mica impulsada por el Congreso de Sonora en coordinaci\u00f3n con el Ayuntamiento de Carb\u00f3, con el objetivo de promover y fortalecer el patrimonio cultural, mismo que se realiz\u00f3 en el vest\u00edbulo del Congreso.<\/p>\n\n\n\n<p class=\"wp-block-paragraph\">La Mesa Directiva de la Diputaci\u00f3n Permanente citar\u00e1 con oportunidad a una pr\u00f3xima sesi\u00f3n.<\/p>\n","protected":false},"excerpt":{"rendered":"<p>La Mesa Directiva de la Diputaci\u00f3n Permanente del Congreso de Sonora aprob\u00f3 las actas correspondientes a las sesiones celebradas los d\u00edas 15 de diciembre de 2024, 15 de enero, 25 de junio y 2 de julio de 2025. Asimismo, durante la sesi\u00f3n se presentaron posicionamientos en respaldo a las pol\u00edticas federales y estatales que impulsan&#8230;<\/p>\n","protected":false},"author":2,"featured_media":66903,"comment_status":"closed","ping_status":"closed","sticky":false,"template":"","format":"standard","meta":{"_crdt_document":"","_exactmetrics_skip_tracking":false,"_exactmetrics_sitenote_active":false,"_exactmetrics_sitenote_note":"","_exactmetrics_sitenote_category":0,"footnotes":""},"categories":[20,26,31,27,69],"tags":[73],"class_list":["post-66902","post","type-post","status-publish","format-standard","has-post-thumbnail","hentry","category-congreso","category-local","category-politica","category-sonora","category-ultimas-noticias","tag-congreso-del-estado-de-sonora"],"_links":{"self":[{"href":"https:\/\/elpajaritonews.com\/index.php?rest_route=\/wp\/v2\/posts\/66902","targetHints":{"allow":["GET"]}}],"collection":[{"href":"https:\/\/elpajaritonews.com\/index.php?rest_route=\/wp\/v2\/posts"}],"about":[{"href":"https:\/\/elpajaritonews.com\/index.php?rest_route=\/wp\/v2\/types\/post"}],"author":[{"embeddable":true,"href":"https:\/\/elpajaritonews.com\/index.php?rest_route=\/wp\/v2\/users\/2"}],"replies":[{"embeddable":true,"href":"https:\/\/elpajaritonews.com\/index.php?rest_route=%2Fwp%2Fv2%2Fcomments&post=66902"}],"version-history":[{"count":1,"href":"https:\/\/elpajaritonews.com\/index.php?rest_route=\/wp\/v2\/posts\/66902\/revisions"}],"predecessor-version":[{"id":66904,"href":"https:\/\/elpajaritonews.com\/index.php?rest_route=\/wp\/v2\/posts\/66902\/revisions\/66904"}],"wp:featuredmedia":[{"embeddable":true,"href":"https:\/\/elpajaritonews.com\/index.php?rest_route=\/wp\/v2\/media\/66903"}],"wp:attachment":[{"href":"https:\/\/elpajaritonews.com\/index.php?rest_route=%2Fwp%2Fv2%2Fmedia&parent=66902"}],"wp:term":[{"taxonomy":"category","embeddable":true,"href":"https:\/\/elpajaritonews.com\/index.php?rest_route=%2Fwp%2Fv2%2Fcategories&post=66902"},{"taxonomy":"post_tag","embeddable":true,"href":"https:\/\/elpajaritonews.com\/index.php?rest_route=%2Fwp%2Fv2%2Ftags&post=66902"}],"curies":[{"name":"wp","href":"https:\/\/api.w.org\/{rel}","templated":true}]}}