{"id":66918,"date":"2025-08-07T17:59:56","date_gmt":"2025-08-08T00:59:56","guid":{"rendered":"https:\/\/elpajaritonews.com\/?p=66918"},"modified":"2025-08-07T17:59:59","modified_gmt":"2025-08-08T00:59:59","slug":"gobernador-durazo-y-presidenta-sheinbaum-consolidan-atencion-medica-gratuita-y-de-calidad-en-sonora","status":"publish","type":"post","link":"https:\/\/elpajaritonews.com\/?p=66918","title":{"rendered":"GOBERNADOR DURAZO Y PRESIDENTA SHEINBAUM CONSOLIDAN ATENCI\u00d3N M\u00c9DICA GRATUITA Y DE CALIDAD EN SONORA"},"content":{"rendered":"\n<p class=\"wp-block-paragraph\">* En reuni\u00f3n de seguimiento a los proyectos consolidados en Sonora, el gobernador Alfonso Durazo present\u00f3 a la presidenta Claudia Sheinbaum Pardo los avances del sistema IMSS-Bienestar, que incluyen rehabilitaci\u00f3n de infraestructura hospitalaria en zonas de mayor marginaci\u00f3n, abasto de medicamentos y aumento de personal m\u00e9dico especializado.<\/p>\n\n\n\n<p class=\"wp-block-paragraph\">* El mandatario estatal destac\u00f3 que, en lo que va de su administraci\u00f3n, se han invertido m\u00e1s de 2 mil millones de pesos para fortalecer el sistema de salud universal de IMSS-Bienestar y garantizar una atenci\u00f3n digna y de calidad para las familias sonorenses.<\/p>\n\n\n\n<figure class=\"wp-block-embed is-type-rich is-provider-twitter wp-block-embed-twitter\"><div class=\"wp-block-embed__wrapper\">\n<blockquote class=\"twitter-tweet\" data-width=\"550\" data-dnt=\"true\"><p lang=\"es\" dir=\"ltr\">\u00a1Saludos desde Palacio Nacional! \ud83d\udc4b Hoy me reunir\u00e9 con nuestra querida Presidenta <a href=\"https:\/\/twitter.com\/Claudiashein?ref_src=twsrc%5Etfw\">@Claudiashein<\/a> para seguir fortaleciendo el sistema de salud en Sonora. Les estar\u00e9 informando. <a href=\"https:\/\/t.co\/iHIS7SL3XG\">pic.twitter.com\/iHIS7SL3XG<\/a><\/p>&mdash; Alfonso Durazo (@AlfonsoDurazo) <a href=\"https:\/\/twitter.com\/AlfonsoDurazo\/status\/1953499630483714292?ref_src=twsrc%5Etfw\">August 7, 2025<\/a><\/blockquote><script async src=\"https:\/\/platform.twitter.com\/widgets.js\" charset=\"utf-8\"><\/script>\n<\/div><\/figure>\n\n\n\n<p class=\"wp-block-paragraph\">Como parte de la estrategia integral de fortalecimiento del sistema de salud en Sonora, el gobernador Alfonso Durazo Monta\u00f1o present\u00f3 a la presidenta Claudia Sheinbaum Pardo los avances consolidados del programa IMSS-Bienestar. Subray\u00f3 la inversi\u00f3n hist\u00f3rica de m\u00e1s de 2 mil millones de pesos en rehabilitaci\u00f3n de infraestructura hospitalaria, abastecimiento de medicamentos y contrataci\u00f3n de personal m\u00e9dico especializado.<\/p>\n\n\n\n<p class=\"wp-block-paragraph\">El jefe del Ejecutivo estatal destac\u00f3 que Sonora cuenta actualmente con 17 hospitales de segundo nivel, dos de tercer nivel, 222 centros de salud, 26 Unidades de Especialidades M\u00e9dicas y 13 unidades m\u00f3viles operando al cien por ciento, gracias al trabajo conjunto entre los gobiernos de M\u00e9xico y Sonora.<\/p>\n\n\n\n<p class=\"wp-block-paragraph\">El IMSS-Bienestar opera en el estado con una Coordinaci\u00f3n Estatal y 10 Coordinaciones Regionales que supervisan centros de primer, segundo y tercer nivel en San Luis R\u00edo Colorado, Caborca, Nogales, Moctezuma, Ures, Hermosillo, Guaymas, Ciudad Obreg\u00f3n, Navojoa y Huatabampo.<\/p>\n\n\n\n<p class=\"wp-block-paragraph\">En el encuentro se revisaron los convenios de transferencia de recursos para su operaci\u00f3n, y se reconoci\u00f3 que actualmente funcionan plenamente el Hospital General del Estado de Sonora en Hermosillo, el Hospital Comunitario de Magdalena y el Hospital Comunitario de V\u00edcam Switch. Adem\u00e1s, se contemplan cinco nuevos proyectos de infraestructura hospitalaria con una inversi\u00f3n aproximada de 750 millones de pesos.<\/p>\n\n\n\n<p class=\"wp-block-paragraph\">Durazo Monta\u00f1o precis\u00f3 que, en coordinaci\u00f3n con el gobierno federal, se ha logrado que Sonora cuente con 1,149 m\u00e9dicos especialistas y 827 m\u00e9dicos generales para atender las necesidades de la poblaci\u00f3n.<\/p>\n\n\n\n<p class=\"wp-block-paragraph\">Como punto central de la reuni\u00f3n, se reafirm\u00f3 el compromiso entre los gobiernos federal y estatal para garantizar el abasto de medicamentos y material de curaci\u00f3n en todas las unidades IMSS-Bienestar, asegurando que tanto los servicios m\u00e9dicos como los medicamentos contin\u00faen siendo gratuitos para la poblaci\u00f3n que m\u00e1s lo necesita.<\/p>\n","protected":false},"excerpt":{"rendered":"<p>* En reuni\u00f3n de seguimiento a los proyectos consolidados en Sonora, el gobernador Alfonso Durazo present\u00f3 a la presidenta Claudia Sheinbaum Pardo los avances del sistema IMSS-Bienestar, que incluyen rehabilitaci\u00f3n de infraestructura hospitalaria en zonas de mayor marginaci\u00f3n, abasto de medicamentos y aumento de personal m\u00e9dico especializado. * El mandatario estatal destac\u00f3 que, en lo&#8230;<\/p>\n","protected":false},"author":2,"featured_media":66919,"comment_status":"closed","ping_status":"closed","sticky":false,"template":"","format":"standard","meta":{"_crdt_document":"","_exactmetrics_skip_tracking":false,"_exactmetrics_sitenote_active":false,"_exactmetrics_sitenote_note":"","_exactmetrics_sitenote_category":0,"footnotes":""},"categories":[36,88,23,31,32,27,69],"tags":[71,72,30],"class_list":["post-66918","post","type-post","status-publish","format-standard","has-post-thumbnail","hentry","category-economia","category-justicia","category-mexico","category-politica","category-salud","category-sonora","category-ultimas-noticias","tag-alfonso-durazo","tag-claudia-sheinbaum","tag-sonora-tierra-de-oportunidades"],"_links":{"self":[{"href":"https:\/\/elpajaritonews.com\/index.php?rest_route=\/wp\/v2\/posts\/66918","targetHints":{"allow":["GET"]}}],"collection":[{"href":"https:\/\/elpajaritonews.com\/index.php?rest_route=\/wp\/v2\/posts"}],"about":[{"href":"https:\/\/elpajaritonews.com\/index.php?rest_route=\/wp\/v2\/types\/post"}],"author":[{"embeddable":true,"href":"https:\/\/elpajaritonews.com\/index.php?rest_route=\/wp\/v2\/users\/2"}],"replies":[{"embeddable":true,"href":"https:\/\/elpajaritonews.com\/index.php?rest_route=%2Fwp%2Fv2%2Fcomments&post=66918"}],"version-history":[{"count":1,"href":"https:\/\/elpajaritonews.com\/index.php?rest_route=\/wp\/v2\/posts\/66918\/revisions"}],"predecessor-version":[{"id":66920,"href":"https:\/\/elpajaritonews.com\/index.php?rest_route=\/wp\/v2\/posts\/66918\/revisions\/66920"}],"wp:featuredmedia":[{"embeddable":true,"href":"https:\/\/elpajaritonews.com\/index.php?rest_route=\/wp\/v2\/media\/66919"}],"wp:attachment":[{"href":"https:\/\/elpajaritonews.com\/index.php?rest_route=%2Fwp%2Fv2%2Fmedia&parent=66918"}],"wp:term":[{"taxonomy":"category","embeddable":true,"href":"https:\/\/elpajaritonews.com\/index.php?rest_route=%2Fwp%2Fv2%2Fcategories&post=66918"},{"taxonomy":"post_tag","embeddable":true,"href":"https:\/\/elpajaritonews.com\/index.php?rest_route=%2Fwp%2Fv2%2Ftags&post=66918"}],"curies":[{"name":"wp","href":"https:\/\/api.w.org\/{rel}","templated":true}]}}