{"id":66921,"date":"2025-08-07T18:36:48","date_gmt":"2025-08-08T01:36:48","guid":{"rendered":"https:\/\/elpajaritonews.com\/?p=66921"},"modified":"2025-08-07T18:36:50","modified_gmt":"2025-08-08T01:36:50","slug":"eeuu-si-le-quito-la-visa-a-alcalde-morenista-de-nogales-sonora-no-hice-nada-indebido-es-proceso-administrativo-confirma","status":"publish","type":"post","link":"https:\/\/elpajaritonews.com\/?p=66921","title":{"rendered":"EEUU S\u00cd LE QUIT\u00d3 LA VISA A ALCALDE MORENISTA DE NOGALES, SONORA: \u201cNO HICE NADA INDEBIDO, ES PROCESO ADMINISTRATIVO\u201d, CONFIRMA"},"content":{"rendered":"\n<p class=\"wp-block-paragraph\">El presidente municipal de Nogales, Juan Gim, confirm\u00f3 que el gobierno de Estados Unidos tom\u00f3 medidas en torno a su situaci\u00f3n migratoria y que, como resultado, su visa estadounidense fue retirada.<\/p>\n\n\n\n<p class=\"wp-block-paragraph\">El edil asegur\u00f3 que se trata de un procedimiento administrativo y no de un se\u00f1alamiento por actos il\u00edcitos.<\/p>\n\n\n\n<figure class=\"wp-block-embed is-type-rich is-provider-twitter wp-block-embed-twitter\"><div class=\"wp-block-embed__wrapper\">\n<blockquote class=\"twitter-tweet\" data-width=\"550\" data-dnt=\"true\"><p lang=\"es\" dir=\"ltr\">Confirma presidente municipal de <a href=\"https:\/\/twitter.com\/hashtag\/Nogales?src=hash&amp;ref_src=twsrc%5Etfw\">#Nogales<\/a>, <a href=\"https:\/\/twitter.com\/hashtag\/Sonora?src=hash&amp;ref_src=twsrc%5Etfw\">#Sonora<\/a>, Juan Francisco Gim  la cancelaci\u00f3n de su visa de parte del servicio de inmigraci\u00f3n del gobierno de Estados Unidos <a href=\"https:\/\/twitter.com\/CBP?ref_src=twsrc%5Etfw\">@CBP<\/a> <a href=\"https:\/\/twitter.com\/USCGNogales?ref_src=twsrc%5Etfw\">@USCGNogales<\/a> <a href=\"https:\/\/twitter.com\/AlfonsoDurazo?ref_src=twsrc%5Etfw\">@AlfonsoDurazo<\/a> <a href=\"https:\/\/twitter.com\/Claudiashein?ref_src=twsrc%5Etfw\">@Claudiashein<\/a> <a href=\"https:\/\/twitter.com\/SRE_mx?ref_src=twsrc%5Etfw\">@SRE_mx<\/a> <a href=\"https:\/\/t.co\/dwDq9KAnCB\">pic.twitter.com\/dwDq9KAnCB<\/a><\/p>&mdash; PajaritoNews (@elpajaritonews) <a href=\"https:\/\/twitter.com\/elpajaritonews\/status\/1953625011966644382?ref_src=twsrc%5Etfw\">August 8, 2025<\/a><\/blockquote><script async src=\"https:\/\/platform.twitter.com\/widgets.js\" charset=\"utf-8\"><\/script>\n<\/div><\/figure>\n\n\n\n<p class=\"wp-block-paragraph\">\u201cAnte estas circunstancias mantengo la tranquilidad y la conciencia en paz porque no se me calific\u00f3 absolutamente de nada indebido. Por eso sigo aqu\u00ed. Estoy seguro de que el tiempo me dar\u00e1 la raz\u00f3n\u201d, expres\u00f3 Gim en un mensaje dirigido a la ciudadan\u00eda.<\/p>\n\n\n\n<p class=\"wp-block-paragraph\">El alcalde subray\u00f3 que el retiro del documento no interrumpe sus actividades, y que contin\u00faa trabajando desde su oficina en la atenci\u00f3n de asuntos urgentes y participando en reuniones binacionales de seguridad.<\/p>\n\n\n\n<p class=\"wp-block-paragraph\">\u201cNogales no se tiene que parar, mucho menos yo\u201d, afirm\u00f3.<\/p>\n\n\n\n<p class=\"wp-block-paragraph\">En su pronunciamiento, pidi\u00f3 a la poblaci\u00f3n no caer en confrontaciones pol\u00edticas y mantener la unidad en beneficio de la ciudad.<\/p>\n\n\n\n<p class=\"wp-block-paragraph\">\u201cMi compromiso es contigo, con los nogalenses, con la gran frontera que estamos construyendo\u201d, se\u00f1al\u00f3.<\/p>\n","protected":false},"excerpt":{"rendered":"<p>El presidente municipal de Nogales, Juan Gim, confirm\u00f3 que el gobierno de Estados Unidos tom\u00f3 medidas en torno a su situaci\u00f3n migratoria y que, como resultado, su visa estadounidense fue retirada. El edil asegur\u00f3 que se trata de un procedimiento administrativo y no de un se\u00f1alamiento por actos il\u00edcitos. \u201cAnte estas circunstancias mantengo la tranquilidad&#8230;<\/p>\n","protected":false},"author":2,"featured_media":66922,"comment_status":"closed","ping_status":"closed","sticky":false,"template":"","format":"standard","meta":{"_crdt_document":"","_exactmetrics_skip_tracking":false,"_exactmetrics_sitenote_active":false,"_exactmetrics_sitenote_note":"","_exactmetrics_sitenote_category":0,"footnotes":""},"categories":[17,89,23,38,31,1,27,69,65],"tags":[28,75],"class_list":["post-66921","post","type-post","status-publish","format-standard","has-post-thumbnail","hentry","category-arizona","category-estados-unidos","category-mexico","category-migracion","category-politica","category-seguridad","category-sonora","category-ultimas-noticias","category-videos","tag-nogales","tag-seguridad-publica"],"_links":{"self":[{"href":"https:\/\/elpajaritonews.com\/index.php?rest_route=\/wp\/v2\/posts\/66921","targetHints":{"allow":["GET"]}}],"collection":[{"href":"https:\/\/elpajaritonews.com\/index.php?rest_route=\/wp\/v2\/posts"}],"about":[{"href":"https:\/\/elpajaritonews.com\/index.php?rest_route=\/wp\/v2\/types\/post"}],"author":[{"embeddable":true,"href":"https:\/\/elpajaritonews.com\/index.php?rest_route=\/wp\/v2\/users\/2"}],"replies":[{"embeddable":true,"href":"https:\/\/elpajaritonews.com\/index.php?rest_route=%2Fwp%2Fv2%2Fcomments&post=66921"}],"version-history":[{"count":1,"href":"https:\/\/elpajaritonews.com\/index.php?rest_route=\/wp\/v2\/posts\/66921\/revisions"}],"predecessor-version":[{"id":66923,"href":"https:\/\/elpajaritonews.com\/index.php?rest_route=\/wp\/v2\/posts\/66921\/revisions\/66923"}],"wp:featuredmedia":[{"embeddable":true,"href":"https:\/\/elpajaritonews.com\/index.php?rest_route=\/wp\/v2\/media\/66922"}],"wp:attachment":[{"href":"https:\/\/elpajaritonews.com\/index.php?rest_route=%2Fwp%2Fv2%2Fmedia&parent=66921"}],"wp:term":[{"taxonomy":"category","embeddable":true,"href":"https:\/\/elpajaritonews.com\/index.php?rest_route=%2Fwp%2Fv2%2Fcategories&post=66921"},{"taxonomy":"post_tag","embeddable":true,"href":"https:\/\/elpajaritonews.com\/index.php?rest_route=%2Fwp%2Fv2%2Ftags&post=66921"}],"curies":[{"name":"wp","href":"https:\/\/api.w.org\/{rel}","templated":true}]}}