{"id":66930,"date":"2025-08-08T20:58:27","date_gmt":"2025-08-09T03:58:27","guid":{"rendered":"https:\/\/elpajaritonews.com\/?p=66930"},"modified":"2025-08-08T20:58:29","modified_gmt":"2025-08-09T03:58:29","slug":"libera-juez-bajo-medidas-cautelares-a-manuel-emilio-n-ex-comisario-de-hermosillo-y-a-los-cinco-elementos-detenidos","status":"publish","type":"post","link":"https:\/\/elpajaritonews.com\/?p=66930","title":{"rendered":"LIBERA JUEZ BAJO MEDIDAS CAUTELARES A MANUEL EMILIO \u201cN\u201d EX COMISARIO DE HERMOSILLO Y A LOS CINCO ELEMENTOS DETENIDOS"},"content":{"rendered":"\n<p class=\"wp-block-paragraph\">Juez otorg\u00f3 medidas cautelares en libertad al ex comisario de #Hermosillo Manuel Emilio \u201cN y los cinco elementos detenidos por abuso de Autoridad y Privaci\u00f3n Ilegal de la Libertad Equiparada<\/p>\n\n\n\n<p class=\"wp-block-paragraph\">Tras la realizaci\u00f3n de la audiencia inicial ante el juez oral penal, en contra de \u00c1ngel Aly Adzdu \u201cN\u201d, Francisco Guadalupe \u201cN\u201d, P\u00e1nfilo \u201cN\u201d, Jos\u00e9 \u00c1ngel \u201cN\u201d, Luis Mario \u201cN\u201d y Manuel Emilio \u201cN\u201d, por los delitos de Abuso de Autoridad y Privaci\u00f3n Ilegal de la Libertad Equiparada, la Fiscal\u00eda General de Justicia del Estado de Sonora informa lo siguiente:<\/p>\n\n\n\n<p class=\"wp-block-paragraph\">1. Se formul\u00f3 imputaci\u00f3n penal en contra de los anteriormente citados ya que el d\u00eda de los hechos, unos ordenaron y otros ejecutaron un traslado forzado de personas que por su aspecto f\u00edsico y de vestimenta los consideraron que estaban en situaci\u00f3n de calle, priv\u00e1ndolos de su libertad para ser llevados en contra de su voluntad en autobuses y abandonados en diferentes puntos del sur del Estado de Sonora.<\/p>\n\n\n\n<p class=\"wp-block-paragraph\">Lo anterior contempor\u00e1neamente a la realizaci\u00f3n de las Fiestas del Pitic en Hermosillo, Sonora.<\/p>\n\n\n\n<p class=\"wp-block-paragraph\">2. La defensa solicit\u00f3 la ampliaci\u00f3n del t\u00e9rmino para ofrecer datos de prueba, por lo que la audiencia donde se resolver\u00e1 sobre la posible vinculaci\u00f3n a proceso que solicitar\u00e1 el Ministerio P\u00fablico, ser\u00e1 hasta el 12 de agosto del a\u00f1o en curso.<\/p>\n\n\n\n<p class=\"wp-block-paragraph\">3. Por lo anterior el juez otorg\u00f3 medidas cautelares en libertad en tanto se resuelve la situaci\u00f3n jur\u00eddica de los imputados.<\/p>\n\n\n\n<p class=\"wp-block-paragraph\">4. Por lo anterior el juez fij\u00f3 las siguientes condiciones:<\/p>\n\n\n\n<p class=\"wp-block-paragraph\">A. Presentaci\u00f3n peri\u00f3dica mensual;<\/p>\n\n\n\n<p class=\"wp-block-paragraph\">B. Exhibici\u00f3n de una garant\u00eda econ\u00f3mica para cada uno de los imputados;<\/p>\n\n\n\n<p class=\"wp-block-paragraph\">C. La prohibici\u00f3n de salir del Distrito Judicial sin autorizaci\u00f3n;<\/p>\n\n\n\n<p class=\"wp-block-paragraph\">D. La prohibici\u00f3n de concurrir a acercarse a las comandancias de polic\u00edas diversas a la que estuvieran adscritos, o que se les comisione, y<\/p>\n\n\n\n<p class=\"wp-block-paragraph\">E. La prohibici\u00f3n de acercarse con ofendidos o testigos, siempre que no se afecte el derecho de defensa.<\/p>\n\n\n\n<p class=\"wp-block-paragraph\">Por lo anterior es FALSO que hayan quedado eximidos de responsabilidad penal.<\/p>\n\n\n\n<p class=\"wp-block-paragraph\">No se publican las fotograf\u00edas de los imputados en el bolet\u00edn ya que el juez orden\u00f3 que no se exhibieran.<\/p>\n","protected":false},"excerpt":{"rendered":"<p>Juez otorg\u00f3 medidas cautelares en libertad al ex comisario de #Hermosillo Manuel Emilio \u201cN y los cinco elementos detenidos por abuso de Autoridad y Privaci\u00f3n Ilegal de la Libertad Equiparada Tras la realizaci\u00f3n de la audiencia inicial ante el juez oral penal, en contra de \u00c1ngel Aly Adzdu \u201cN\u201d, Francisco Guadalupe \u201cN\u201d, P\u00e1nfilo \u201cN\u201d, Jos\u00e9&#8230;<\/p>\n","protected":false},"author":2,"featured_media":66931,"comment_status":"closed","ping_status":"closed","sticky":false,"template":"","format":"standard","meta":{"_crdt_document":"","_exactmetrics_skip_tracking":false,"_exactmetrics_sitenote_active":false,"_exactmetrics_sitenote_note":"","_exactmetrics_sitenote_category":0,"footnotes":""},"categories":[80,88,26,31,1,27],"tags":[74,75],"class_list":["post-66930","post","type-post","status-publish","format-standard","has-post-thumbnail","hentry","category-derechos-humanos","category-justicia","category-local","category-politica","category-seguridad","category-sonora","tag-hermosillo","tag-seguridad-publica"],"_links":{"self":[{"href":"https:\/\/elpajaritonews.com\/index.php?rest_route=\/wp\/v2\/posts\/66930","targetHints":{"allow":["GET"]}}],"collection":[{"href":"https:\/\/elpajaritonews.com\/index.php?rest_route=\/wp\/v2\/posts"}],"about":[{"href":"https:\/\/elpajaritonews.com\/index.php?rest_route=\/wp\/v2\/types\/post"}],"author":[{"embeddable":true,"href":"https:\/\/elpajaritonews.com\/index.php?rest_route=\/wp\/v2\/users\/2"}],"replies":[{"embeddable":true,"href":"https:\/\/elpajaritonews.com\/index.php?rest_route=%2Fwp%2Fv2%2Fcomments&post=66930"}],"version-history":[{"count":1,"href":"https:\/\/elpajaritonews.com\/index.php?rest_route=\/wp\/v2\/posts\/66930\/revisions"}],"predecessor-version":[{"id":66932,"href":"https:\/\/elpajaritonews.com\/index.php?rest_route=\/wp\/v2\/posts\/66930\/revisions\/66932"}],"wp:featuredmedia":[{"embeddable":true,"href":"https:\/\/elpajaritonews.com\/index.php?rest_route=\/wp\/v2\/media\/66931"}],"wp:attachment":[{"href":"https:\/\/elpajaritonews.com\/index.php?rest_route=%2Fwp%2Fv2%2Fmedia&parent=66930"}],"wp:term":[{"taxonomy":"category","embeddable":true,"href":"https:\/\/elpajaritonews.com\/index.php?rest_route=%2Fwp%2Fv2%2Fcategories&post=66930"},{"taxonomy":"post_tag","embeddable":true,"href":"https:\/\/elpajaritonews.com\/index.php?rest_route=%2Fwp%2Fv2%2Ftags&post=66930"}],"curies":[{"name":"wp","href":"https:\/\/api.w.org\/{rel}","templated":true}]}}