{"id":67016,"date":"2025-08-13T17:22:28","date_gmt":"2025-08-14T00:22:28","guid":{"rendered":"https:\/\/elpajaritonews.com\/?p=67016"},"modified":"2025-08-13T17:22:31","modified_gmt":"2025-08-14T00:22:31","slug":"lidera-gobernador-durazo-disminucion-historica-de-pobreza-mas-de-500-mil-sonorenses-salieron-de-esa-condicion","status":"publish","type":"post","link":"https:\/\/elpajaritonews.com\/?p=67016","title":{"rendered":"LIDERA GOBERNADOR DURAZO DISMINUCI\u00d3N HIST\u00d3RICA DE POBREZA; M\u00c1S DE 500 MIL SONORENSES SALIERON DE ESA CONDICI\u00d3N"},"content":{"rendered":"\n<p class=\"wp-block-paragraph\">&#8211; Durante la gesti\u00f3n del gobernador Alfonso Durazo Monta\u00f1o, Sonora alcanz\u00f3 en 2024 el nivel m\u00e1s bajo de pobreza en su historia, coloc\u00e1ndose como la quinta entidad que m\u00e1s disminuy\u00f3 esta condici\u00f3n al pasar de 29.9 por ciento en 2020 a 14.11 por ciento el a\u00f1o pasado, lo que significa que m\u00e1s de 450 mil sonorenses salieron de esa situaci\u00f3n y, adem\u00e1s 59 mil personas superaron la pobreza extrema.<\/p>\n\n\n\n<p class=\"wp-block-paragraph\">&#8211; El mandatario estatal atribuy\u00f3 este logro hist\u00f3rico a tres ejes fundamentales de su gobierno: salarios m\u00ednimos dignos que fortalecen el poder adquisitivo, programas sociales como la Beca Sonora de Oportunidades y la estabilidad econ\u00f3mica impulsada por el Plan Sonora.<\/p>\n\n\n\n<p class=\"wp-block-paragraph\">En cuatro a\u00f1os, bajo el liderazgo del gobernador Alfonso Durazo Monta\u00f1o y el compromiso de trabajar por quienes han vivido en rezago hist\u00f3rico, en Sonora m\u00e1s de 450 mil personas salieron de la condici\u00f3n de pobreza y 59 mil de pobreza extrema, gracias a pol\u00edticas p\u00fablicas que combinan salarios justos, programas de bienestar y estabilidad econ\u00f3mica a trav\u00e9s del Plan Sonora.<\/p>\n\n\n\n<p class=\"wp-block-paragraph\">El mandatario estatal destac\u00f3 estos resultados sin precedentes con los que Sonora logr\u00f3 alcanzar el m\u00ednimo hist\u00f3rico de pobreza desde que se tiene registro, de acuerdo con cifras de 2024 del Instituto Nacional de Estad\u00edstica y Geograf\u00eda (INEGI) publicadas este 2025. Adem\u00e1s, resalt\u00f3 el lugar cinco que ocupa Sonora entre las entidades con menor nivel de pobreza multidimensional.<\/p>\n\n\n\n<p class=\"wp-block-paragraph\">\u201cAlcanzamos el nivel m\u00e1s bajo de pobreza en toda nuestra historia. Estamos cumpliendo antes de tiempo la meta de la Agenda 2030 de reducir a la mitad la pobreza en todas sus dimensiones\u201d, destac\u00f3 el mandatario estatal.<\/p>\n\n\n\n<p class=\"wp-block-paragraph\">Seg\u00fan cifras del INEGI, en Sonora en 2020 el 29.9 por ciento de la poblaci\u00f3n, es decir, 885 mil personas viv\u00edan en pobreza; en 2022 con un 21.7 por ciento, 650 mil sonorenses viv\u00edan en situaci\u00f3n de vulnerabilidad; y en 2024, el 14.11 por ciento de la poblaci\u00f3n, es decir, 431 mil personas viv\u00edan en situaci\u00f3n de pobreza. Estas cifras demuestran que en cuatro a\u00f1os se logr\u00f3 reducir los niveles de carencia en la entidad de forma hist\u00f3rica.<\/p>\n\n\n\n<p class=\"wp-block-paragraph\">De acuerdo con el reporte oficial, Sonora se encuentra entre las cinco entidades con los porcentajes m\u00e1s bajos de pobreza: Baja California, con 9.9 por ciento; Baja California Sur, con 10.2 por ciento; Nuevo Le\u00f3n, con 10.6 por ciento; Coahuila, con 12.4 por ciento; y Sonora, con 14.1 %<\/p>\n\n\n\n<p class=\"wp-block-paragraph\">En cuanto a pobreza extrema, se registr\u00f3 tambi\u00e9n una disminuci\u00f3n significativa al pasar de 104 mil personas que viv\u00edan en esta condici\u00f3n en 2020, es decir el 3.5 por ciento de la poblaci\u00f3n, a 45 mil en 2024.<\/p>\n\n\n\n<p class=\"wp-block-paragraph\">El gobernador Durazo subray\u00f3 que este avance se debe a tres ejes estrat\u00e9gicos: salarios m\u00ednimos dignos que fortalecen el poder adquisitivo; programas sociales estatales y federales como la Beca Sonora de Oportunidades; y estabilidad econ\u00f3mica con atracci\u00f3n de inversiones impulsadas por el Plan Sonora.<\/p>\n","protected":false},"excerpt":{"rendered":"<p>&#8211; Durante la gesti\u00f3n del gobernador Alfonso Durazo Monta\u00f1o, Sonora alcanz\u00f3 en 2024 el nivel m\u00e1s bajo de pobreza en su historia, coloc\u00e1ndose como la quinta entidad que m\u00e1s disminuy\u00f3 esta condici\u00f3n al pasar de 29.9 por ciento en 2020 a 14.11 por ciento el a\u00f1o pasado, lo que significa que m\u00e1s de 450 mil&#8230;<\/p>\n","protected":false},"author":2,"featured_media":67017,"comment_status":"closed","ping_status":"closed","sticky":false,"template":"","format":"standard","meta":{"_crdt_document":"","_exactmetrics_skip_tracking":false,"_exactmetrics_sitenote_active":false,"_exactmetrics_sitenote_note":"","_exactmetrics_sitenote_category":0,"footnotes":""},"categories":[80,36,26,31,27,69],"tags":[71,72,74,28,30],"class_list":["post-67016","post","type-post","status-publish","format-standard","has-post-thumbnail","hentry","category-derechos-humanos","category-economia","category-local","category-politica","category-sonora","category-ultimas-noticias","tag-alfonso-durazo","tag-claudia-sheinbaum","tag-hermosillo","tag-nogales","tag-sonora-tierra-de-oportunidades"],"_links":{"self":[{"href":"https:\/\/elpajaritonews.com\/index.php?rest_route=\/wp\/v2\/posts\/67016","targetHints":{"allow":["GET"]}}],"collection":[{"href":"https:\/\/elpajaritonews.com\/index.php?rest_route=\/wp\/v2\/posts"}],"about":[{"href":"https:\/\/elpajaritonews.com\/index.php?rest_route=\/wp\/v2\/types\/post"}],"author":[{"embeddable":true,"href":"https:\/\/elpajaritonews.com\/index.php?rest_route=\/wp\/v2\/users\/2"}],"replies":[{"embeddable":true,"href":"https:\/\/elpajaritonews.com\/index.php?rest_route=%2Fwp%2Fv2%2Fcomments&post=67016"}],"version-history":[{"count":1,"href":"https:\/\/elpajaritonews.com\/index.php?rest_route=\/wp\/v2\/posts\/67016\/revisions"}],"predecessor-version":[{"id":67018,"href":"https:\/\/elpajaritonews.com\/index.php?rest_route=\/wp\/v2\/posts\/67016\/revisions\/67018"}],"wp:featuredmedia":[{"embeddable":true,"href":"https:\/\/elpajaritonews.com\/index.php?rest_route=\/wp\/v2\/media\/67017"}],"wp:attachment":[{"href":"https:\/\/elpajaritonews.com\/index.php?rest_route=%2Fwp%2Fv2%2Fmedia&parent=67016"}],"wp:term":[{"taxonomy":"category","embeddable":true,"href":"https:\/\/elpajaritonews.com\/index.php?rest_route=%2Fwp%2Fv2%2Fcategories&post=67016"},{"taxonomy":"post_tag","embeddable":true,"href":"https:\/\/elpajaritonews.com\/index.php?rest_route=%2Fwp%2Fv2%2Ftags&post=67016"}],"curies":[{"name":"wp","href":"https:\/\/api.w.org\/{rel}","templated":true}]}}