{"id":67019,"date":"2025-08-14T13:43:35","date_gmt":"2025-08-14T20:43:35","guid":{"rendered":"https:\/\/elpajaritonews.com\/?p=67019"},"modified":"2025-08-14T13:46:07","modified_gmt":"2025-08-14T20:46:07","slug":"ecaba-congreso-de-sonora-propuestas-para-sancionar-el-abandono-de-personas-en-accidentes-viales","status":"publish","type":"post","link":"https:\/\/elpajaritonews.com\/?p=67019","title":{"rendered":"RECABA CONGRESO DE SONORA PROPUESTAS PARA SANCIONAR EL ABANDONO DE PERSONAS EN ACCIDENTES VIALES"},"content":{"rendered":"\n<p class=\"wp-block-paragraph\">El Congreso del Estado, a trav\u00e9s de la Comisi\u00f3n de Justicia y Derechos Humanos, llev\u00f3 a cabo este d\u00eda un ejercicio de parlamento abierto con el objetivo de analizar y recabar opiniones en torno a la propuesta de iniciativa que plantea reformas al C\u00f3digo Penal local en materia de abandono de personas en accidentes viales.<\/p>\n\n\n\n<p class=\"wp-block-paragraph\">Al dar inicio a los trabajos, el diputado Ren\u00e9 Garc\u00eda Rojo (PT), presidente de la comisi\u00f3n, se\u00f1al\u00f3 que este tipo de ejercicios son fundamentales para escuchar diversos puntos de vista, detectar \u00e1reas de mejora y construir un marco jur\u00eddico s\u00f3lido que contribuya a mejorar la calidad de vida de las y los sonorenses.<\/p>\n\n\n\n<figure class=\"wp-block-embed is-type-video is-provider-youtube wp-block-embed-youtube wp-embed-aspect-4-3 wp-has-aspect-ratio\"><div class=\"wp-block-embed__wrapper\">\n<iframe loading=\"lazy\" title=\"14AGOSTO25 FORO SOBRE INICIATIVA DE REFORMA DEL C\u00d3DIGO PENAL DEL ESTADO DE SONORA\" width=\"640\" height=\"480\" src=\"https:\/\/www.youtube.com\/embed\/4cEhsLjY-LA?feature=oembed\" frameborder=\"0\" allow=\"accelerometer; autoplay; clipboard-write; encrypted-media; gyroscope; picture-in-picture; web-share\" referrerpolicy=\"strict-origin-when-cross-origin\" allowfullscreen><\/iframe>\n<\/div><\/figure>\n\n\n\n<p class=\"wp-block-paragraph\">Por su parte, el diputado David Figueroa Ortega (PVEM), impulsor de la propuesta, explic\u00f3 que el eje central de la iniciativa consiste en agravar las sanciones por el delito de abandono de personas en accidentes de tr\u00e1nsito, con lo que se busca desalentar esta pr\u00e1ctica y proteger a las v\u00edctimas.<\/p>\n\n\n\n<p class=\"wp-block-paragraph\">El legislador expuso que, lamentablemente, se ha vuelto m\u00e1s frecuente que quienes conducen un veh\u00edculo y sufren un accidente de tr\u00e1nsito huyan del lugar en vez de permanecer hasta la llegada de las autoridades. Esta conducta, se\u00f1al\u00f3, no solo agrava las consecuencias del siniestro, sino que constituye un acto grave de irresponsabilidad y falta de solidaridad.<\/p>\n\n\n\n<p class=\"wp-block-paragraph\">La propuesta contempla medidas m\u00e1s severas, como la suspensi\u00f3n de la licencia de conducir o incluso su revocaci\u00f3n definitiva, en los casos en que el conductor se encuentre bajo el influjo de bebidas alcoh\u00f3licas o cuando abandone el lugar del accidente sin prestar ayuda a la v\u00edctima.<\/p>\n\n\n\n<p class=\"wp-block-paragraph\">Durante este primer ejercicio participaron integrantes de la Asociaci\u00f3n Sin V\u00edctimas de Violencia Vial, Barra Sonorense de Abogados (BSA), Instituto de Movilidad y Transporte del Estado de Sonora (Imtes), Mesa de Movilidad de Hermosillo \u00bfC\u00f3mo Vamos?, oficiales de tr\u00e1nsito de la Polic\u00eda Municipal de Hermosillo, as\u00ed como estudiantes de la Universidad de Sonora (Unison).<\/p>\n\n\n\n<p class=\"wp-block-paragraph\">Las y los asistentes aportaron diversas propuestas para fortalecer la iniciativa, entre las que destacan: sustituir el t\u00e9rmino accidentes viales por siniestros viales; mejorar la infraestructura urbana para garantizar cruces peatonales m\u00e1s seguros, e integrar una p\u00f3liza de seguro obligatoria al momento de expedir licencias de conducir.<\/p>\n\n\n\n<p class=\"wp-block-paragraph\">En representaci\u00f3n de la Comisi\u00f3n de Justicia y Derechos Humanos, tambi\u00e9n estuvieron presentes la diputada Claudia Bours Corral (PVEM) y los diputados Julio C\u00e9sar Navarro Contreras (Morena) y Emeterio Ochoa Baz\u00faa (PRI).<\/p>\n","protected":false},"excerpt":{"rendered":"<p>El Congreso del Estado, a trav\u00e9s de la Comisi\u00f3n de Justicia y Derechos Humanos, llev\u00f3 a cabo este d\u00eda un ejercicio de parlamento abierto con el objetivo de analizar y recabar opiniones en torno a la propuesta de iniciativa que plantea reformas al C\u00f3digo Penal local en materia de abandono de personas en accidentes viales&#8230;.<\/p>\n","protected":false},"author":2,"featured_media":67020,"comment_status":"closed","ping_status":"closed","sticky":false,"template":"","format":"standard","meta":{"_crdt_document":"","_exactmetrics_skip_tracking":false,"_exactmetrics_sitenote_active":false,"_exactmetrics_sitenote_note":"","_exactmetrics_sitenote_category":0,"footnotes":""},"categories":[20,80,88,31,27,69,65],"tags":[73],"class_list":["post-67019","post","type-post","status-publish","format-standard","has-post-thumbnail","hentry","category-congreso","category-derechos-humanos","category-justicia","category-politica","category-sonora","category-ultimas-noticias","category-videos","tag-congreso-del-estado-de-sonora"],"_links":{"self":[{"href":"https:\/\/elpajaritonews.com\/index.php?rest_route=\/wp\/v2\/posts\/67019","targetHints":{"allow":["GET"]}}],"collection":[{"href":"https:\/\/elpajaritonews.com\/index.php?rest_route=\/wp\/v2\/posts"}],"about":[{"href":"https:\/\/elpajaritonews.com\/index.php?rest_route=\/wp\/v2\/types\/post"}],"author":[{"embeddable":true,"href":"https:\/\/elpajaritonews.com\/index.php?rest_route=\/wp\/v2\/users\/2"}],"replies":[{"embeddable":true,"href":"https:\/\/elpajaritonews.com\/index.php?rest_route=%2Fwp%2Fv2%2Fcomments&post=67019"}],"version-history":[{"count":2,"href":"https:\/\/elpajaritonews.com\/index.php?rest_route=\/wp\/v2\/posts\/67019\/revisions"}],"predecessor-version":[{"id":67022,"href":"https:\/\/elpajaritonews.com\/index.php?rest_route=\/wp\/v2\/posts\/67019\/revisions\/67022"}],"wp:featuredmedia":[{"embeddable":true,"href":"https:\/\/elpajaritonews.com\/index.php?rest_route=\/wp\/v2\/media\/67020"}],"wp:attachment":[{"href":"https:\/\/elpajaritonews.com\/index.php?rest_route=%2Fwp%2Fv2%2Fmedia&parent=67019"}],"wp:term":[{"taxonomy":"category","embeddable":true,"href":"https:\/\/elpajaritonews.com\/index.php?rest_route=%2Fwp%2Fv2%2Fcategories&post=67019"},{"taxonomy":"post_tag","embeddable":true,"href":"https:\/\/elpajaritonews.com\/index.php?rest_route=%2Fwp%2Fv2%2Ftags&post=67019"}],"curies":[{"name":"wp","href":"https:\/\/api.w.org\/{rel}","templated":true}]}}