{"id":67023,"date":"2025-08-14T15:07:57","date_gmt":"2025-08-14T22:07:57","guid":{"rendered":"https:\/\/elpajaritonews.com\/?p=67023"},"modified":"2025-08-14T15:07:59","modified_gmt":"2025-08-14T22:07:59","slug":"ee-uu-arresta-a-exdirector-de-pemex-sera-deportado-a-mexico-por-cargos-de-corrupcion-con-odebrecht","status":"publish","type":"post","link":"https:\/\/elpajaritonews.com\/?p=67023","title":{"rendered":"EE.UU. ARRESTA A EXDIRECTOR DE PEMEX; SER\u00c1 DEPORTADO A M\u00c9XICO POR CARGOS DE CORRUPCI\u00d3N CON ODEBRECHT"},"content":{"rendered":"\n<p class=\"wp-block-paragraph\">El exdirector de Pemex Carlos Trevi\u00f1o, acusado de recibir sobornos en el caso Odebrecht, fue detenido en EE.UU. y ser\u00e1 deportado a M\u00e9xico para enfrentar juicio por corrupci\u00f3n.<\/p>\n\n\n\n<p class=\"wp-block-paragraph\">Carlos Alberto Trevi\u00f1o Medina, exdirector general de Petr\u00f3leos Mexicanos (Pemex) entre 2017 y 2018 durante el gobierno de Enrique Pe\u00f1a Nieto, fue arrestado en Estados Unidos el 13 de agosto y ser\u00e1 deportado a M\u00e9xico para enfrentar cargos por presuntos sobornos relacionados con el caso Odebrecht, uno de los mayores esc\u00e1ndalos de corrupci\u00f3n en Am\u00e9rica Latina.<\/p>\n\n\n\n<p class=\"wp-block-paragraph\">La presidenta Claudia Sheinbaum confirm\u00f3 la detenci\u00f3n y anunci\u00f3 que la deportaci\u00f3n se concretar\u00e1 en los pr\u00f3ximos d\u00edas. Seg\u00fan la Fiscal\u00eda General de la Rep\u00fablica (FGR), Trevi\u00f1o habr\u00eda recibido 4 millones de pesos de Braskem, filial de la constructora brasile\u00f1a Odebrecht, a cambio de favorecer el proyecto Etileno XXI, un megaproyecto petroqu\u00edmico que ha sido se\u00f1alado por sus beneficios fiscales y contractuales extraordinarios.<\/p>\n\n\n\n<p class=\"wp-block-paragraph\">De la orden de captura a la detenci\u00f3n en EE.UU.<\/p>\n\n\n\n<p class=\"wp-block-paragraph\">En noviembre de 2021, tras no presentarse a una audiencia judicial, la FGR obtuvo una orden de captura nacional y una ficha roja de Interpol contra Trevi\u00f1o. La medida internacional fue cancelada en 2023 por supuestas irregularidades en el proceso, pero el Ministerio P\u00fablico mantuvo abierta la causa penal. En octubre de ese a\u00f1o, un juez revoc\u00f3 un amparo que le proteg\u00eda de la detenci\u00f3n, reactivando la posibilidad de arresto.<\/p>\n\n\n\n<p class=\"wp-block-paragraph\">Desde entonces, el exdirector de Pemex hab\u00eda permanecido fuera del pa\u00eds, y de acuerdo con fuentes oficiales, resid\u00eda en Texas. La coordinaci\u00f3n entre agencias estadounidenses y mexicanas deriv\u00f3 en su captura este mes, cumpliendo una solicitud de deportaci\u00f3n activa desde hace casi cinco a\u00f1os.<\/p>\n\n\n\n<p class=\"wp-block-paragraph\">Un caso emblem\u00e1tico de corrupci\u00f3n<\/p>\n\n\n\n<p class=\"wp-block-paragraph\">El esc\u00e1ndalo de Odebrecht estall\u00f3 en M\u00e9xico en 2017, cuando investigaciones internacionales revelaron que la compa\u00f1\u00eda brasile\u00f1a pag\u00f3 al menos 10.5 millones de d\u00f3lares en sobornos a funcionarios de alto nivel entre 2010 y 2014, periodo que abarca los sexenios de Felipe Calder\u00f3n y Enrique Pe\u00f1a Nieto. A cambio, la empresa habr\u00eda obtenido contratos preferenciales, sobrecostos y facilidades regulatorias en proyectos estrat\u00e9gicos como refiner\u00edas y plantas petroqu\u00edmicas.<\/p>\n\n\n\n<p class=\"wp-block-paragraph\">Etileno XXI, en el centro de las acusaciones contra Trevi\u00f1o, fue una inversi\u00f3n de m\u00e1s de 5,200 millones de d\u00f3lares operada por Braskem e Idesa en Veracruz. El contrato de suministro de etano firmado con Pemex ha sido se\u00f1alado por ofrecer precios por debajo del mercado y condiciones contractuales que perjudicaron las finanzas p\u00fablicas.<\/p>\n\n\n\n<p class=\"wp-block-paragraph\">Impacto pol\u00edtico y judicial<\/p>\n\n\n\n<p class=\"wp-block-paragraph\">La detenci\u00f3n de Trevi\u00f1o refuerza la narrativa anticorrupci\u00f3n del gobierno de Sheinbaum, que ha prometido no cerrar los expedientes abiertos por administraciones anteriores. Sin embargo, analistas advierten que el verdadero reto ser\u00e1 lograr una sentencia firme en un caso que involucra a figuras pol\u00edticas de alto perfil y a una de las empresas m\u00e1s poderosas de la regi\u00f3n.<\/p>\n\n\n\n<p class=\"wp-block-paragraph\">Para sectores cr\u00edticos, este arresto representa una oportunidad para demostrar que la rendici\u00f3n de cuentas puede alcanzar a exfuncionarios de alto rango, independientemente de su afiliaci\u00f3n pol\u00edtica. La pregunta ahora es si este movimiento abrir\u00e1 la puerta a nuevas acciones contra otros implicados en el caso Odebrecht.<\/p>\n","protected":false},"excerpt":{"rendered":"<p>El exdirector de Pemex Carlos Trevi\u00f1o, acusado de recibir sobornos en el caso Odebrecht, fue detenido en EE.UU. y ser\u00e1 deportado a M\u00e9xico para enfrentar juicio por corrupci\u00f3n. Carlos Alberto Trevi\u00f1o Medina, exdirector general de Petr\u00f3leos Mexicanos (Pemex) entre 2017 y 2018 durante el gobierno de Enrique Pe\u00f1a Nieto, fue arrestado en Estados Unidos el&#8230;<\/p>\n","protected":false},"author":2,"featured_media":67024,"comment_status":"closed","ping_status":"closed","sticky":false,"template":"","format":"standard","meta":{"_crdt_document":"","_exactmetrics_skip_tracking":false,"_exactmetrics_sitenote_active":false,"_exactmetrics_sitenote_note":"","_exactmetrics_sitenote_category":0,"footnotes":""},"categories":[17,36,89,23,1,27,69],"tags":[72,75],"class_list":["post-67023","post","type-post","status-publish","format-standard","has-post-thumbnail","hentry","category-arizona","category-economia","category-estados-unidos","category-mexico","category-seguridad","category-sonora","category-ultimas-noticias","tag-claudia-sheinbaum","tag-seguridad-publica"],"_links":{"self":[{"href":"https:\/\/elpajaritonews.com\/index.php?rest_route=\/wp\/v2\/posts\/67023","targetHints":{"allow":["GET"]}}],"collection":[{"href":"https:\/\/elpajaritonews.com\/index.php?rest_route=\/wp\/v2\/posts"}],"about":[{"href":"https:\/\/elpajaritonews.com\/index.php?rest_route=\/wp\/v2\/types\/post"}],"author":[{"embeddable":true,"href":"https:\/\/elpajaritonews.com\/index.php?rest_route=\/wp\/v2\/users\/2"}],"replies":[{"embeddable":true,"href":"https:\/\/elpajaritonews.com\/index.php?rest_route=%2Fwp%2Fv2%2Fcomments&post=67023"}],"version-history":[{"count":1,"href":"https:\/\/elpajaritonews.com\/index.php?rest_route=\/wp\/v2\/posts\/67023\/revisions"}],"predecessor-version":[{"id":67025,"href":"https:\/\/elpajaritonews.com\/index.php?rest_route=\/wp\/v2\/posts\/67023\/revisions\/67025"}],"wp:featuredmedia":[{"embeddable":true,"href":"https:\/\/elpajaritonews.com\/index.php?rest_route=\/wp\/v2\/media\/67024"}],"wp:attachment":[{"href":"https:\/\/elpajaritonews.com\/index.php?rest_route=%2Fwp%2Fv2%2Fmedia&parent=67023"}],"wp:term":[{"taxonomy":"category","embeddable":true,"href":"https:\/\/elpajaritonews.com\/index.php?rest_route=%2Fwp%2Fv2%2Fcategories&post=67023"},{"taxonomy":"post_tag","embeddable":true,"href":"https:\/\/elpajaritonews.com\/index.php?rest_route=%2Fwp%2Fv2%2Ftags&post=67023"}],"curies":[{"name":"wp","href":"https:\/\/api.w.org\/{rel}","templated":true}]}}