{"id":67026,"date":"2025-08-14T15:15:58","date_gmt":"2025-08-14T22:15:58","guid":{"rendered":"https:\/\/elpajaritonews.com\/?p=67026"},"modified":"2025-08-14T15:16:02","modified_gmt":"2025-08-14T22:16:02","slug":"durazo-y-sheinbaum-posicionan-a-sonora-a-la-vanguardia-en-semiconductores-con-centro-kutsari-en-unison","status":"publish","type":"post","link":"https:\/\/elpajaritonews.com\/?p=67026","title":{"rendered":"DURAZO Y SHEINBAUM POSICIONAN A SONORA A LA VANGUARDIA EN SEMICONDUCTORES CON CENTRO KUTSARI EN UNISON"},"content":{"rendered":"\n<p class=\"wp-block-paragraph\">El estado de Sonora se consolida como una de las plataformas m\u00e1s importantes a nivel nacional para el desarrollo del Centro de Dise\u00f1o \u201cKutsari\u201d, que impulsa la fabricaci\u00f3n de semiconductores, eje principal del Plan Sonora de Energ\u00edas Sostenibles, implementado por el gobernador Alfonso Durazo Monta\u00f1o, por lo que la entidad es reconocida en todo el pa\u00eds, con el respaldo de la presidenta Claudia Sheinbaum Pardo.<\/p>\n\n\n\n<p class=\"wp-block-paragraph\">El mandatario estatal resalt\u00f3 que la iniciativa del Gobierno de M\u00e9xico \u201cKutsari\u201d, se incorporar\u00e1 con una sede en la Universidad de Sonora (Unison) para formar el talento y la innovaci\u00f3n que posicionar\u00e1n a M\u00e9xico a la vanguardia en tecnolog\u00eda mundial. Adem\u00e1s, con el Plan Sonora el estado se consolida como una de las principales plataformas para dar impulso al programa nacional por su papel fundamental en la producci\u00f3n de semiconductores.<\/p>\n\n\n\n<p class=\"wp-block-paragraph\">Por su parte, Edmundo Antonio Guti\u00e9rrez Dom\u00ednguez, director de Innova Bienestar de M\u00e9xico, reconoci\u00f3 el proyecto del Plan Sonora como un referente en energ\u00edas limpias y desarrollo industrial, atrayendo inversiones y fortaleciendo la econom\u00eda regional.<\/p>\n\n\n\n<p class=\"wp-block-paragraph\">Adem\u00e1s del Gobierno de Sonora, Guti\u00e9rrez Dom\u00ednguez se\u00f1al\u00f3 que los estados de Puebla y Jalisco participan en estrecha coordinaci\u00f3n en este programa con apoyo log\u00edstico, de infraestructura y con recursos humanos de alto nivel tecnol\u00f3gico.<\/p>\n\n\n\n<p class=\"wp-block-paragraph\">Record\u00f3 que recientemente se firm\u00f3 un convenio con Sonora, cuyo fin ser\u00e1 la instalaci\u00f3n de un nuevo centro de trabajo en Jalisco, lo que permitir\u00e1 desarrollar el tema de electr\u00f3nica y semiconductores. Durante este mes de agosto se dar\u00e1 inicio a un programa de capacitaci\u00f3n acelerada a investigadores y estudiantes de todo el pa\u00eds.<\/p>\n","protected":false},"excerpt":{"rendered":"<p>El estado de Sonora se consolida como una de las plataformas m\u00e1s importantes a nivel nacional para el desarrollo del Centro de Dise\u00f1o \u201cKutsari\u201d, que impulsa la fabricaci\u00f3n de semiconductores, eje principal del Plan Sonora de Energ\u00edas Sostenibles, implementado por el gobernador Alfonso Durazo Monta\u00f1o, por lo que la entidad es reconocida en todo el&#8230;<\/p>\n","protected":false},"author":2,"featured_media":67027,"comment_status":"closed","ping_status":"closed","sticky":false,"template":"","format":"standard","meta":{"_crdt_document":"","_exactmetrics_skip_tracking":false,"_exactmetrics_sitenote_active":false,"_exactmetrics_sitenote_note":"","_exactmetrics_sitenote_category":0,"footnotes":""},"categories":[18,36,26,23,31,27,69],"tags":[71,72,74,30],"class_list":["post-67026","post","type-post","status-publish","format-standard","has-post-thumbnail","hentry","category-ciencia","category-economia","category-local","category-mexico","category-politica","category-sonora","category-ultimas-noticias","tag-alfonso-durazo","tag-claudia-sheinbaum","tag-hermosillo","tag-sonora-tierra-de-oportunidades"],"_links":{"self":[{"href":"https:\/\/elpajaritonews.com\/index.php?rest_route=\/wp\/v2\/posts\/67026","targetHints":{"allow":["GET"]}}],"collection":[{"href":"https:\/\/elpajaritonews.com\/index.php?rest_route=\/wp\/v2\/posts"}],"about":[{"href":"https:\/\/elpajaritonews.com\/index.php?rest_route=\/wp\/v2\/types\/post"}],"author":[{"embeddable":true,"href":"https:\/\/elpajaritonews.com\/index.php?rest_route=\/wp\/v2\/users\/2"}],"replies":[{"embeddable":true,"href":"https:\/\/elpajaritonews.com\/index.php?rest_route=%2Fwp%2Fv2%2Fcomments&post=67026"}],"version-history":[{"count":1,"href":"https:\/\/elpajaritonews.com\/index.php?rest_route=\/wp\/v2\/posts\/67026\/revisions"}],"predecessor-version":[{"id":67028,"href":"https:\/\/elpajaritonews.com\/index.php?rest_route=\/wp\/v2\/posts\/67026\/revisions\/67028"}],"wp:featuredmedia":[{"embeddable":true,"href":"https:\/\/elpajaritonews.com\/index.php?rest_route=\/wp\/v2\/media\/67027"}],"wp:attachment":[{"href":"https:\/\/elpajaritonews.com\/index.php?rest_route=%2Fwp%2Fv2%2Fmedia&parent=67026"}],"wp:term":[{"taxonomy":"category","embeddable":true,"href":"https:\/\/elpajaritonews.com\/index.php?rest_route=%2Fwp%2Fv2%2Fcategories&post=67026"},{"taxonomy":"post_tag","embeddable":true,"href":"https:\/\/elpajaritonews.com\/index.php?rest_route=%2Fwp%2Fv2%2Ftags&post=67026"}],"curies":[{"name":"wp","href":"https:\/\/api.w.org\/{rel}","templated":true}]}}