{"id":67029,"date":"2025-08-14T17:25:33","date_gmt":"2025-08-15T00:25:33","guid":{"rendered":"https:\/\/elpajaritonews.com\/?p=67029"},"modified":"2025-08-14T17:25:36","modified_gmt":"2025-08-15T00:25:36","slug":"con-plan-sonora-gobernador-durazo-logra-crecimiento-economico-y-disminucion-historica-de-la-pobreza","status":"publish","type":"post","link":"https:\/\/elpajaritonews.com\/?p=67029","title":{"rendered":"CON PLAN SONORA, GOBERNADOR DURAZO LOGRA CRECIMIENTO ECON\u00d3MICO Y DISMINUCI\u00d3N HIST\u00d3RICA DE LA POBREZA"},"content":{"rendered":"\n<p class=\"wp-block-paragraph\">&#8211; El Plan Sonora, implementado por el gobernador Alfonso Durazo, ha sido pieza fundamental para consolidar un crecimiento sostenido de la econom\u00eda en Sonora y lograr que m\u00e1s de medio mill\u00f3n de sonorenses salgan de la condici\u00f3n de pobreza y pobreza extrema.<\/p>\n\n\n\n<p class=\"wp-block-paragraph\">&#8211; Con la visi\u00f3n estrat\u00e9gica del mandatario estatal se han consolidado diversos programas y acciones con una perspectiva social, como el de Becas Sonora, el fortalecimiento del sistema de salud, as\u00ed como las pol\u00edticas que han promovido al estado como l\u00edder en exportaciones y crecimiento industrial.<\/p>\n\n\n\n<p class=\"wp-block-paragraph\">Como resultado de las acciones estrat\u00e9gicas implementadas por el gobernador Alfonso Durazo Monta\u00f1o en lo que va de la administraci\u00f3n estatal, se ha logrado que m\u00e1s de 500 mil sonorenses salgan de la condici\u00f3n de pobreza y pobreza extrema, reflejo del crecimiento sostenido de la econom\u00eda en todos los sectores industriales potenciado por el Plan Sonora de Energ\u00edas Sostenibles, adem\u00e1s del fortalecimiento tur\u00edstico, aumento de las exportaciones, generaci\u00f3n de empleos y mayor ingreso familiar.<\/p>\n\n\n\n<p class=\"wp-block-paragraph\">El jefe del Ejecutivo estatal destac\u00f3 la reducci\u00f3n del 15.79 por ciento de la pobreza en Sonora, lo que significa que m\u00e1s de medio mill\u00f3n de personas salieron de esa condici\u00f3n, de acuerdo al \u00faltimo reporte del Instituto Nacional de Estad\u00edstica y Geograf\u00eda (INEGI), y enfatiz\u00f3 que se han ejecutado acciones y programas sociales dando prioridad a las personas m\u00e1s necesitadas, obteniendo por primera vez en la historia el sexto lugar a nivel nacional en crecimiento del ingreso familiar, adem\u00e1s del nivel m\u00e1s bajo de desigualdad en Sonora con el 0.37 por ciento.<\/p>\n\n\n\n<p class=\"wp-block-paragraph\">Sonora ha destacado como l\u00edder en crecimiento industrial, al lograr en abril de 2025, el segundo lugar con el 2.8 por ciento de crecimiento mensual y 5.1 por ciento de crecimiento anual. Mientras que, las exportaciones sonorenses han incrementado un 2.2 por ciento durante el primer trimestre de este a\u00f1o, respecto al mismo periodo de 2024, logrando la cifra hist\u00f3rica de 6.99 mil millones de d\u00f3lares.<\/p>\n\n\n\n<p class=\"wp-block-paragraph\">Uno de los ejes con enfoque social que caracteriza a este gobierno y que ha sumado a los logros de crecimiento en todos los sectores econ\u00f3micos, es el programa de Becas Sonora de Oportunidades. De 2021 a 2025, se han entregado 465 mil 305 est\u00edmulos econ\u00f3micos a estudiantes, con una inversi\u00f3n de 2 mil 666 millones de pesos.<\/p>\n\n\n\n<p class=\"wp-block-paragraph\">Otra de las acciones prioritarias para el gobernador Alfonso Durazo, ha sido la transformaci\u00f3n del sistema de salud. En lo que va de su administraci\u00f3n se han invertido m\u00e1s de 40 mil millones de pesos en rehabilitaci\u00f3n de infraestructura hospitalaria, abasto de medicamentos y aumento de personal m\u00e9dico especializado, a fin de garantizar una atenci\u00f3n digna y de calidad para las y los sonorenses.<\/p>\n\n\n\n<p class=\"wp-block-paragraph\">La recuperaci\u00f3n de la econom\u00eda local con el impulso de acciones como cr\u00e9ditos de Financiera para el Desarrollo Econ\u00f3mico de Sonora (Fideson), es otro de los ejes de esta administraci\u00f3n con los que se promueve el desarrollo de peque\u00f1os negocios y que ha dado como resultado el aumento del 3.4 por ciento de ventas minoristas, 0.9 por ciento de crecimiento del empleo y 3.5 por ciento del salario promedio en el sector.<\/p>\n\n\n\n<p class=\"wp-block-paragraph\">Gracias a la visi\u00f3n estrat\u00e9gica del gobernador Durazo Monta\u00f1o, Sonora juega un papel crucial como centro estrat\u00e9gico y log\u00edstico en el norte de M\u00e9xico, con su ubicaci\u00f3n geogr\u00e1fica clave y su fuerte industria manufacturera, beneficiando su cercan\u00eda con Estados Unidos, lo que facilita el comercio internacional y la integraci\u00f3n en cadenas de suministro globales.<\/p>\n","protected":false},"excerpt":{"rendered":"<p>&#8211; El Plan Sonora, implementado por el gobernador Alfonso Durazo, ha sido pieza fundamental para consolidar un crecimiento sostenido de la econom\u00eda en Sonora y lograr que m\u00e1s de medio mill\u00f3n de sonorenses salgan de la condici\u00f3n de pobreza y pobreza extrema. &#8211; Con la visi\u00f3n estrat\u00e9gica del mandatario estatal se han consolidado diversos programas&#8230;<\/p>\n","protected":false},"author":2,"featured_media":67030,"comment_status":"closed","ping_status":"closed","sticky":false,"template":"","format":"standard","meta":{"_crdt_document":"","_exactmetrics_skip_tracking":false,"_exactmetrics_sitenote_active":false,"_exactmetrics_sitenote_note":"","_exactmetrics_sitenote_category":0,"footnotes":""},"categories":[80,36,26,23,31,32,27,69],"tags":[71,72,74,28,30],"class_list":["post-67029","post","type-post","status-publish","format-standard","has-post-thumbnail","hentry","category-derechos-humanos","category-economia","category-local","category-mexico","category-politica","category-salud","category-sonora","category-ultimas-noticias","tag-alfonso-durazo","tag-claudia-sheinbaum","tag-hermosillo","tag-nogales","tag-sonora-tierra-de-oportunidades"],"_links":{"self":[{"href":"https:\/\/elpajaritonews.com\/index.php?rest_route=\/wp\/v2\/posts\/67029","targetHints":{"allow":["GET"]}}],"collection":[{"href":"https:\/\/elpajaritonews.com\/index.php?rest_route=\/wp\/v2\/posts"}],"about":[{"href":"https:\/\/elpajaritonews.com\/index.php?rest_route=\/wp\/v2\/types\/post"}],"author":[{"embeddable":true,"href":"https:\/\/elpajaritonews.com\/index.php?rest_route=\/wp\/v2\/users\/2"}],"replies":[{"embeddable":true,"href":"https:\/\/elpajaritonews.com\/index.php?rest_route=%2Fwp%2Fv2%2Fcomments&post=67029"}],"version-history":[{"count":1,"href":"https:\/\/elpajaritonews.com\/index.php?rest_route=\/wp\/v2\/posts\/67029\/revisions"}],"predecessor-version":[{"id":67031,"href":"https:\/\/elpajaritonews.com\/index.php?rest_route=\/wp\/v2\/posts\/67029\/revisions\/67031"}],"wp:featuredmedia":[{"embeddable":true,"href":"https:\/\/elpajaritonews.com\/index.php?rest_route=\/wp\/v2\/media\/67030"}],"wp:attachment":[{"href":"https:\/\/elpajaritonews.com\/index.php?rest_route=%2Fwp%2Fv2%2Fmedia&parent=67029"}],"wp:term":[{"taxonomy":"category","embeddable":true,"href":"https:\/\/elpajaritonews.com\/index.php?rest_route=%2Fwp%2Fv2%2Fcategories&post=67029"},{"taxonomy":"post_tag","embeddable":true,"href":"https:\/\/elpajaritonews.com\/index.php?rest_route=%2Fwp%2Fv2%2Ftags&post=67029"}],"curies":[{"name":"wp","href":"https:\/\/api.w.org\/{rel}","templated":true}]}}