{"id":67032,"date":"2025-08-15T11:16:26","date_gmt":"2025-08-15T18:16:26","guid":{"rendered":"https:\/\/elpajaritonews.com\/?p=67032"},"modified":"2025-08-15T11:16:30","modified_gmt":"2025-08-15T18:16:30","slug":"impulsa-presidenta-sheinbaum-al-campo-sonorense-con-sembrando-vida-van-mas-de-245-millones-de-pesos-este-ano-octavio-almada","status":"publish","type":"post","link":"https:\/\/elpajaritonews.com\/?p=67032","title":{"rendered":"\u00abIMPULSA PRESIDENTA SHEINBAUM AL CAMPO SONORENSE CON SEMBRANDO VIDA; VAN M\u00c1S DE 245 MILLONES DE PESOS ESTE A\u00d1O\u00bb: OCTAVIO ALMADA"},"content":{"rendered":"\n<p class=\"wp-block-paragraph\">En seguimiento a la pol\u00edtica de desarrollo rural y apoyo directo al campo, la Presidenta de M\u00e9xico, Claudia Sheinbaum Pardo, ha invertido m\u00e1s de 245 millones de pesos en Sonora a trav\u00e9s de Sembrando Vida de enero a agosto de este a\u00f1o, destac\u00f3 Octavio Almada Palafox<\/p>\n\n\n\n<p class=\"wp-block-paragraph\">El Delegado de Bienestar en Sonora inform\u00f3 que actualmente m\u00e1s de 4 mil 700 campesinas y campesinos, distribuidos en 28 municipios de la entidad, reciben m\u00e1s de 30 millones de pesos mensualmente con este programa, lo que fortalece la producci\u00f3n de alimentos y la conservaci\u00f3n de los ecosistemas.<\/p>\n\n\n\n<p class=\"wp-block-paragraph\">\u201cCon Sembrando Vida se impulsa la econom\u00eda de las comunidades rurales, al mismo tiempo que se fomenta la reforestaci\u00f3n y el cuidado de la tierra\u201d, indic\u00f3.<\/p>\n\n\n\n<p class=\"wp-block-paragraph\">Detall\u00f3 que el programa impulsa cultivos propios de cada regi\u00f3n, como en Moctezuma: chiltep\u00edn, frijol, ma\u00edz, agave, nogal y nopal; en Ures: agave,membrillo, chiltep\u00edn, mezquite, nopal, lim\u00f3n, palo verde y palo fierro; y en Navojoa: ma\u00edz, sorgo, trigo, cacahuate, chiltep\u00edn, bacanora y alfalfa.<\/p>\n\n\n\n<p class=\"wp-block-paragraph\">Record\u00f3 que Sembrando Vida busca mejorar las condiciones de vida en el campo mediante la siembra de \u00e1rboles frutales y maderables, la producci\u00f3n agroecol\u00f3gica y la organizaci\u00f3n comunitaria. Cada productor o productora beneficiario recibe un apoyo econ\u00f3mico mensual de 6 mil 450 pesos, adem\u00e1s de insumos, capacitaci\u00f3n t\u00e9cnica y acompa\u00f1amiento para el manejo sostenible de sus parcelas.<\/p>\n\n\n\n<p class=\"wp-block-paragraph\">El Delegado subray\u00f3 que este programa representa justicia social para quienes han trabajado la tierra por generaciones, otorg\u00e1ndoles respaldo econ\u00f3mico y herramientas para producir de manera sustentable.<\/p>\n\n\n\n<p class=\"wp-block-paragraph\">\u201cEl campo es presente y futuro; por eso, seguiremos en territorio, siguiendo el ejemplo de la Presidenta Claudia Sheinbaum, escuchando a los productores y asegurando que estos recursos lleguen sin intermediarios, directo a las manos de la gente trabajadora del campo sonorense\u201d, concluy\u00f3 Almada Palafox<\/p>\n","protected":false},"excerpt":{"rendered":"<p>En seguimiento a la pol\u00edtica de desarrollo rural y apoyo directo al campo, la Presidenta de M\u00e9xico, Claudia Sheinbaum Pardo, ha invertido m\u00e1s de 245 millones de pesos en Sonora a trav\u00e9s de Sembrando Vida de enero a agosto de este a\u00f1o, destac\u00f3 Octavio Almada Palafox El Delegado de Bienestar en Sonora inform\u00f3 que actualmente&#8230;<\/p>\n","protected":false},"author":2,"featured_media":67033,"comment_status":"closed","ping_status":"closed","sticky":false,"template":"","format":"standard","meta":{"_crdt_document":"","_exactmetrics_skip_tracking":false,"_exactmetrics_sitenote_active":false,"_exactmetrics_sitenote_note":"","_exactmetrics_sitenote_category":0,"footnotes":""},"categories":[36,26,37,23,27,69],"tags":[],"class_list":["post-67032","post","type-post","status-publish","format-standard","has-post-thumbnail","hentry","category-economia","category-local","category-medio-ambiente","category-mexico","category-sonora","category-ultimas-noticias"],"_links":{"self":[{"href":"https:\/\/elpajaritonews.com\/index.php?rest_route=\/wp\/v2\/posts\/67032","targetHints":{"allow":["GET"]}}],"collection":[{"href":"https:\/\/elpajaritonews.com\/index.php?rest_route=\/wp\/v2\/posts"}],"about":[{"href":"https:\/\/elpajaritonews.com\/index.php?rest_route=\/wp\/v2\/types\/post"}],"author":[{"embeddable":true,"href":"https:\/\/elpajaritonews.com\/index.php?rest_route=\/wp\/v2\/users\/2"}],"replies":[{"embeddable":true,"href":"https:\/\/elpajaritonews.com\/index.php?rest_route=%2Fwp%2Fv2%2Fcomments&post=67032"}],"version-history":[{"count":1,"href":"https:\/\/elpajaritonews.com\/index.php?rest_route=\/wp\/v2\/posts\/67032\/revisions"}],"predecessor-version":[{"id":67034,"href":"https:\/\/elpajaritonews.com\/index.php?rest_route=\/wp\/v2\/posts\/67032\/revisions\/67034"}],"wp:featuredmedia":[{"embeddable":true,"href":"https:\/\/elpajaritonews.com\/index.php?rest_route=\/wp\/v2\/media\/67033"}],"wp:attachment":[{"href":"https:\/\/elpajaritonews.com\/index.php?rest_route=%2Fwp%2Fv2%2Fmedia&parent=67032"}],"wp:term":[{"taxonomy":"category","embeddable":true,"href":"https:\/\/elpajaritonews.com\/index.php?rest_route=%2Fwp%2Fv2%2Fcategories&post=67032"},{"taxonomy":"post_tag","embeddable":true,"href":"https:\/\/elpajaritonews.com\/index.php?rest_route=%2Fwp%2Fv2%2Ftags&post=67032"}],"curies":[{"name":"wp","href":"https:\/\/api.w.org\/{rel}","templated":true}]}}