{"id":67038,"date":"2025-08-15T12:19:59","date_gmt":"2025-08-15T19:19:59","guid":{"rendered":"https:\/\/elpajaritonews.com\/?p=67038"},"modified":"2025-08-15T12:20:03","modified_gmt":"2025-08-15T19:20:03","slug":"seguridad-transporte-y-energia-los-temas-entre-sheinbaum-y-arevalo","status":"publish","type":"post","link":"https:\/\/elpajaritonews.com\/?p=67038","title":{"rendered":"SEGURIDAD, TRANSPORTE Y ENERG\u00cdA, LOS TEMAS ENTRE SHEINBAUM Y AREVALO"},"content":{"rendered":"\n<p class=\"wp-block-paragraph\">Durante las reuniones que sostendr\u00e1 hoy con los mandatarios de Guatemala y Belice, se abordar\u00e1n temas de seguridad, transporte y energ\u00eda, anunci\u00f3 la presidenta Claudia Sheinbaum Pardo.<\/p>\n\n\n\n<p class=\"wp-block-paragraph\">En el encuentro con su hom\u00f3logo guatemalteco, Bernardo Ar\u00e9valo, Sheinbaum indic\u00f3 que acudir\u00e1 con funcionarios de las secretar\u00edas de Gobernaci\u00f3n, Defensa, Marina, Seguridad y Protecci\u00f3n Ciudadana, Comunicaciones, Infraestructura y Transportes, y Energ\u00eda, \u201cporque hay proyectos conjuntos que tienen que ver con abastecimiento de energ\u00eda el\u00e9ctrica\u201d.<\/p>\n\n\n\n<figure class=\"wp-block-embed is-type-video is-provider-youtube wp-block-embed-youtube wp-embed-aspect-16-9 wp-has-aspect-ratio\"><div class=\"wp-block-embed__wrapper\">\n<iframe loading=\"lazy\" title=\"Encuentro bilateral M\u00e9xico-Guatemala, mensaje a medios de comunicaci\u00f3n. Pet\u00e9n, Guatemala\" width=\"640\" height=\"360\" src=\"https:\/\/www.youtube.com\/embed\/6ERhBxqv6sE?feature=oembed\" frameborder=\"0\" allow=\"accelerometer; autoplay; clipboard-write; encrypted-media; gyroscope; picture-in-picture; web-share\" referrerpolicy=\"strict-origin-when-cross-origin\" allowfullscreen><\/iframe>\n<\/div><\/figure>\n\n\n\n<p class=\"wp-block-paragraph\">Otro tema que se abordar\u00e1 es la construcci\u00f3n del Tren Interoce\u00e1nico hacia Guatemala y \u201csobre todo (asuntos) de cooperaci\u00f3n para el desarrollo, proyectos de trenes, de desarrollo energ\u00e9tico, un polo de bienestar para el desarrollo econ\u00f3mico en la frontera de Chiapas y Guatemala\u201d.<\/p>\n\n\n\n<p class=\"wp-block-paragraph\">Con esta \u00faltima naci\u00f3n, recalc\u00f3 la mandataria, hay diversos proyectos y una \u201cexcelente coordinaci\u00f3n\u201d con el presidente Ar\u00e9valo.<\/p>\n\n\n\n<p class=\"wp-block-paragraph\">En el caso de Belice, \u201chay proyectos de interconexi\u00f3n del Tren Maya, porque (en ese pa\u00eds) est\u00e1n interesados, y hay otros temas de seguridad y ambientales que no quiero adelantar, para el anuncio m\u00e1s tarde\u201d al respecto, puntualiz\u00f3.<\/p>\n","protected":false},"excerpt":{"rendered":"<p>Durante las reuniones que sostendr\u00e1 hoy con los mandatarios de Guatemala y Belice, se abordar\u00e1n temas de seguridad, transporte y energ\u00eda, anunci\u00f3 la presidenta Claudia Sheinbaum Pardo. En el encuentro con su hom\u00f3logo guatemalteco, Bernardo Ar\u00e9valo, Sheinbaum indic\u00f3 que acudir\u00e1 con funcionarios de las secretar\u00edas de Gobernaci\u00f3n, Defensa, Marina, Seguridad y Protecci\u00f3n Ciudadana, Comunicaciones, Infraestructura&#8230;<\/p>\n","protected":false},"author":2,"featured_media":67039,"comment_status":"closed","ping_status":"closed","sticky":false,"template":"","format":"standard","meta":{"_crdt_document":"","_exactmetrics_skip_tracking":false,"_exactmetrics_sitenote_active":false,"_exactmetrics_sitenote_note":"","_exactmetrics_sitenote_category":0,"footnotes":""},"categories":[36,23,24,31,27,69,65],"tags":[72],"class_list":["post-67038","post","type-post","status-publish","format-standard","has-post-thumbnail","hentry","category-economia","category-mexico","category-mundo","category-politica","category-sonora","category-ultimas-noticias","category-videos","tag-claudia-sheinbaum"],"_links":{"self":[{"href":"https:\/\/elpajaritonews.com\/index.php?rest_route=\/wp\/v2\/posts\/67038","targetHints":{"allow":["GET"]}}],"collection":[{"href":"https:\/\/elpajaritonews.com\/index.php?rest_route=\/wp\/v2\/posts"}],"about":[{"href":"https:\/\/elpajaritonews.com\/index.php?rest_route=\/wp\/v2\/types\/post"}],"author":[{"embeddable":true,"href":"https:\/\/elpajaritonews.com\/index.php?rest_route=\/wp\/v2\/users\/2"}],"replies":[{"embeddable":true,"href":"https:\/\/elpajaritonews.com\/index.php?rest_route=%2Fwp%2Fv2%2Fcomments&post=67038"}],"version-history":[{"count":1,"href":"https:\/\/elpajaritonews.com\/index.php?rest_route=\/wp\/v2\/posts\/67038\/revisions"}],"predecessor-version":[{"id":67040,"href":"https:\/\/elpajaritonews.com\/index.php?rest_route=\/wp\/v2\/posts\/67038\/revisions\/67040"}],"wp:featuredmedia":[{"embeddable":true,"href":"https:\/\/elpajaritonews.com\/index.php?rest_route=\/wp\/v2\/media\/67039"}],"wp:attachment":[{"href":"https:\/\/elpajaritonews.com\/index.php?rest_route=%2Fwp%2Fv2%2Fmedia&parent=67038"}],"wp:term":[{"taxonomy":"category","embeddable":true,"href":"https:\/\/elpajaritonews.com\/index.php?rest_route=%2Fwp%2Fv2%2Fcategories&post=67038"},{"taxonomy":"post_tag","embeddable":true,"href":"https:\/\/elpajaritonews.com\/index.php?rest_route=%2Fwp%2Fv2%2Ftags&post=67038"}],"curies":[{"name":"wp","href":"https:\/\/api.w.org\/{rel}","templated":true}]}}