{"id":67097,"date":"2025-08-17T17:08:05","date_gmt":"2025-08-18T00:08:05","guid":{"rendered":"https:\/\/elpajaritonews.com\/?p=67097"},"modified":"2025-08-17T17:08:08","modified_gmt":"2025-08-18T00:08:08","slug":"secretarias-de-bienestar-y-secihti-suman-esfuerzos-para-fortalecer-el-programa-sembrando-vida","status":"publish","type":"post","link":"https:\/\/elpajaritonews.com\/?p=67097","title":{"rendered":"SECRETAR\u00cdAS DE BIENESTAR Y SECIHTI SUMAN ESFUERZOS PARA FORTALECER EL PROGRAMA SEMBRANDO VIDA"},"content":{"rendered":"\n<p class=\"wp-block-paragraph\">\u25cf Vincular el programa Sembrando Vida con la investigaci\u00f3n, ciencia y tecnolog\u00eda para<\/p>\n\n\n\n<p class=\"wp-block-paragraph\">su fortalecimiento, permitir\u00e1 reducir costos de producci\u00f3n, mejorar la conservaci\u00f3n de<\/p>\n\n\n\n<p class=\"wp-block-paragraph\">los agroecosistemas y de las semillas<\/p>\n\n\n\n<p class=\"wp-block-paragraph\">Las subsecretar\u00edas de Inclusi\u00f3n Productiva y Desarrollo Rural de la Secretar\u00eda de Bienestar<\/p>\n\n\n\n<p class=\"wp-block-paragraph\">(BIENESTAR) y de Ciencia y Humanidades de la Secretar\u00eda de Ciencia, Humanidades,<\/p>\n\n\n\n<p class=\"wp-block-paragraph\">Tecnolog\u00eda e Innovaci\u00f3n (Secihti), trabajan en la vinculaci\u00f3n del programa Sembrando Vida<\/p>\n\n\n\n<p class=\"wp-block-paragraph\">con la investigaci\u00f3n, ciencia y tecnolog\u00eda para su fortalecimiento, lo que permitir\u00e1 reducir<\/p>\n\n\n\n<p class=\"wp-block-paragraph\">costos de producci\u00f3n, mejorar la conservaci\u00f3n de los agroecosistemas y de las semillas.<\/p>\n\n\n\n<p class=\"wp-block-paragraph\">Durante una reuni\u00f3n de trabajo donde intercambiaron experiencias, la subsecretar\u00eda de<\/p>\n\n\n\n<p class=\"wp-block-paragraph\">Inclusi\u00f3n Productiva y Desarrollo Rural de la Secretar\u00eda de Bienestar, Columba Jazm\u00edn L\u00f3pez Guti\u00e9rrez, se\u00f1al\u00f3 que la inclusi\u00f3n de la tecnolog\u00eda, la ciencia y la innovaci\u00f3n en la producci\u00f3n agr\u00edcola traer\u00e1 grandes beneficios para las personas sembradoras, al reducir horas de trabajo.<\/p>\n\n\n\n<p class=\"wp-block-paragraph\">\u201cNo tiene por qu\u00e9 ser tantas horas bajo el sol, no tiene por qu\u00e9 ser trabajo desgastante y<\/p>\n\n\n\n<p class=\"wp-block-paragraph\">f\u00edsico todo lo que se haga en el campo; tenemos que reducir costos, as\u00ed como eficientar el<\/p>\n\n\n\n<p class=\"wp-block-paragraph\">trabajo\u201d, precis\u00f3.<\/p>\n","protected":false},"excerpt":{"rendered":"<p>\u25cf Vincular el programa Sembrando Vida con la investigaci\u00f3n, ciencia y tecnolog\u00eda para su fortalecimiento, permitir\u00e1 reducir costos de producci\u00f3n, mejorar la conservaci\u00f3n de los agroecosistemas y de las semillas Las subsecretar\u00edas de Inclusi\u00f3n Productiva y Desarrollo Rural de la Secretar\u00eda de Bienestar (BIENESTAR) y de Ciencia y Humanidades de la Secretar\u00eda de Ciencia, Humanidades,&#8230;<\/p>\n","protected":false},"author":2,"featured_media":67098,"comment_status":"closed","ping_status":"closed","sticky":false,"template":"","format":"standard","meta":{"_crdt_document":"","_exactmetrics_skip_tracking":false,"_exactmetrics_sitenote_active":false,"_exactmetrics_sitenote_note":"","_exactmetrics_sitenote_category":0,"footnotes":""},"categories":[36,26,37,23,31,27,69],"tags":[71,72,76,30],"class_list":["post-67097","post","type-post","status-publish","format-standard","has-post-thumbnail","hentry","category-economia","category-local","category-medio-ambiente","category-mexico","category-politica","category-sonora","category-ultimas-noticias","tag-alfonso-durazo","tag-claudia-sheinbaum","tag-medio-ambiente","tag-sonora-tierra-de-oportunidades"],"_links":{"self":[{"href":"https:\/\/elpajaritonews.com\/index.php?rest_route=\/wp\/v2\/posts\/67097","targetHints":{"allow":["GET"]}}],"collection":[{"href":"https:\/\/elpajaritonews.com\/index.php?rest_route=\/wp\/v2\/posts"}],"about":[{"href":"https:\/\/elpajaritonews.com\/index.php?rest_route=\/wp\/v2\/types\/post"}],"author":[{"embeddable":true,"href":"https:\/\/elpajaritonews.com\/index.php?rest_route=\/wp\/v2\/users\/2"}],"replies":[{"embeddable":true,"href":"https:\/\/elpajaritonews.com\/index.php?rest_route=%2Fwp%2Fv2%2Fcomments&post=67097"}],"version-history":[{"count":1,"href":"https:\/\/elpajaritonews.com\/index.php?rest_route=\/wp\/v2\/posts\/67097\/revisions"}],"predecessor-version":[{"id":67099,"href":"https:\/\/elpajaritonews.com\/index.php?rest_route=\/wp\/v2\/posts\/67097\/revisions\/67099"}],"wp:featuredmedia":[{"embeddable":true,"href":"https:\/\/elpajaritonews.com\/index.php?rest_route=\/wp\/v2\/media\/67098"}],"wp:attachment":[{"href":"https:\/\/elpajaritonews.com\/index.php?rest_route=%2Fwp%2Fv2%2Fmedia&parent=67097"}],"wp:term":[{"taxonomy":"category","embeddable":true,"href":"https:\/\/elpajaritonews.com\/index.php?rest_route=%2Fwp%2Fv2%2Fcategories&post=67097"},{"taxonomy":"post_tag","embeddable":true,"href":"https:\/\/elpajaritonews.com\/index.php?rest_route=%2Fwp%2Fv2%2Ftags&post=67097"}],"curies":[{"name":"wp","href":"https:\/\/api.w.org\/{rel}","templated":true}]}}