{"id":67127,"date":"2025-08-19T18:54:02","date_gmt":"2025-08-20T01:54:02","guid":{"rendered":"https:\/\/elpajaritonews.com\/?p=67127"},"modified":"2025-08-19T18:54:06","modified_gmt":"2025-08-20T01:54:06","slug":"gobernador-durazo-lanza-campana-estatal-para-prevenir-la-violencia-sexual-infantil","status":"publish","type":"post","link":"https:\/\/elpajaritonews.com\/?p=67127","title":{"rendered":"GOBERNADOR DURAZO LANZA CAMPA\u00d1A ESTATAL PARA PREVENIR LA VIOLENCIA SEXUAL INFANTIL"},"content":{"rendered":"\n<p class=\"wp-block-paragraph\">&#8211; El mandatario estatal destac\u00f3 que con estas acciones Sonora se consolida como un ejemplo a nivel nacional en materia de prevenci\u00f3n, justicia, y reparaci\u00f3n para contribuir al desarrollo integral y seguro de las y los ni\u00f1os.<\/p>\n\n\n\n<p class=\"wp-block-paragraph\">&#8211; La Campa\u00f1a Estatal de Prevenci\u00f3n de la Violencia Sexual Infantil incluye tres cortos animados dirigidos a la ni\u00f1ez y un video tutorial para madres, padres, docentes y personas cuidadoras, con el objetivo de ofrecer un lenguaje cercano, sensible y respetuoso que permita identificar, prevenir y atender situaciones de violencia sexual infantil desde la etapa preescolar hasta la adolescencia.<\/p>\n\n\n\n<p class=\"wp-block-paragraph\">Como una iniciativa innovadora que busca construir entornos seguros para las ni\u00f1as, ni\u00f1os y adolescentes, as\u00ed como brindar herramientas para su sano crecimiento integral, el gobernador Alfonso Durado Monta\u00f1o lanz\u00f3 la Campa\u00f1a Estatal de Prevenci\u00f3n de la Violencia Sexual Infantil, a trav\u00e9s de la Comisi\u00f3n Ejecutiva Estatal de Atenci\u00f3n a V\u00edctimas del Estado de Sonora (CEEAV).<\/p>\n\n\n\n<p class=\"wp-block-paragraph\">Acompa\u00f1ado por su esposa y presidenta honoraria del sistema DIF Sonora, Mar\u00eda del Roc\u00edo Ch\u00e1vez Murillo y Lyzeth Salcedo Salinas, comisionada Ejecutiva Estatal de Atenci\u00f3n a V\u00edctimas de Sonora, el mandatario estatal explic\u00f3 que esta campa\u00f1a incluye tres cortos animados dirigidos a la ni\u00f1ez, as\u00ed como un video tutorial para madres, padres, docentes y personas cuidadoras, esto con el objetivo de ofrecer un lenguaje cercano, sensible y respetuoso que permita identificar, prevenir y atender situaciones de violencia sexual infantil desde la etapa preescolar hasta la adolescencia.<\/p>\n\n\n\n<p class=\"wp-block-paragraph\">El gobernador Durazo Monta\u00f1o hizo \u00e9nfasis en que en Sonora la ni\u00f1ez no se toca, no se calla, ni se queda sola, ya que proteger a un ni\u00f1o o ni\u00f1a de la violencia sexual, es cuidar a la sociedad, dado que un da\u00f1o en la infancia deja cicatrices para toda la vida. Con estas acciones el estado se consolida como un ejemplo a nivel nacional en materia de prevenci\u00f3n, justicia y reparaci\u00f3n.<\/p>\n\n\n\n<p class=\"wp-block-paragraph\">\u201cHoy reafirmamos que en Sonora no habr\u00e1 un solo ni\u00f1o sin voz, ni una sola ni\u00f1a sin protecci\u00f3n. Que sepan aqu\u00ed y ahora que sociedad y gobierno, sus familias, y su comunidad estar\u00e1n siempre a su lado. Sonora tiene un deber moral con las infancias que solo podremos atender si compartimos una \u00e9tica de cuidado que priorice las necesidades de las ni\u00f1as y ni\u00f1os\u201d, indic\u00f3.<\/p>\n\n\n\n<p class=\"wp-block-paragraph\">En el marco de este evento se reconoci\u00f3 la participaci\u00f3n de Mar\u00eda Fernanda Lazo, fundadora del programa \u201cCorazones M\u00e1gicos\u201d y Ciudadana del A\u00f1o en Quer\u00e9taro, quien facilit\u00f3 la transferencia del modelo de atenci\u00f3n integral implementada con \u00e9xito durante m\u00e1s de diez a\u00f1os por \u201cVida Plena, I.A.P.\u201d.<\/p>\n","protected":false},"excerpt":{"rendered":"<p>&#8211; El mandatario estatal destac\u00f3 que con estas acciones Sonora se consolida como un ejemplo a nivel nacional en materia de prevenci\u00f3n, justicia, y reparaci\u00f3n para contribuir al desarrollo integral y seguro de las y los ni\u00f1os. &#8211; La Campa\u00f1a Estatal de Prevenci\u00f3n de la Violencia Sexual Infantil incluye tres cortos animados dirigidos a la&#8230;<\/p>\n","protected":false},"author":2,"featured_media":67128,"comment_status":"closed","ping_status":"closed","sticky":false,"template":"","format":"standard","meta":{"_crdt_document":"","_exactmetrics_skip_tracking":false,"_exactmetrics_sitenote_active":false,"_exactmetrics_sitenote_note":"","_exactmetrics_sitenote_category":0,"footnotes":""},"categories":[20,80,88,26,31,1,27,69],"tags":[71,73,74,28,75,30],"class_list":["post-67127","post","type-post","status-publish","format-standard","has-post-thumbnail","hentry","category-congreso","category-derechos-humanos","category-justicia","category-local","category-politica","category-seguridad","category-sonora","category-ultimas-noticias","tag-alfonso-durazo","tag-congreso-del-estado-de-sonora","tag-hermosillo","tag-nogales","tag-seguridad-publica","tag-sonora-tierra-de-oportunidades"],"_links":{"self":[{"href":"https:\/\/elpajaritonews.com\/index.php?rest_route=\/wp\/v2\/posts\/67127","targetHints":{"allow":["GET"]}}],"collection":[{"href":"https:\/\/elpajaritonews.com\/index.php?rest_route=\/wp\/v2\/posts"}],"about":[{"href":"https:\/\/elpajaritonews.com\/index.php?rest_route=\/wp\/v2\/types\/post"}],"author":[{"embeddable":true,"href":"https:\/\/elpajaritonews.com\/index.php?rest_route=\/wp\/v2\/users\/2"}],"replies":[{"embeddable":true,"href":"https:\/\/elpajaritonews.com\/index.php?rest_route=%2Fwp%2Fv2%2Fcomments&post=67127"}],"version-history":[{"count":1,"href":"https:\/\/elpajaritonews.com\/index.php?rest_route=\/wp\/v2\/posts\/67127\/revisions"}],"predecessor-version":[{"id":67129,"href":"https:\/\/elpajaritonews.com\/index.php?rest_route=\/wp\/v2\/posts\/67127\/revisions\/67129"}],"wp:featuredmedia":[{"embeddable":true,"href":"https:\/\/elpajaritonews.com\/index.php?rest_route=\/wp\/v2\/media\/67128"}],"wp:attachment":[{"href":"https:\/\/elpajaritonews.com\/index.php?rest_route=%2Fwp%2Fv2%2Fmedia&parent=67127"}],"wp:term":[{"taxonomy":"category","embeddable":true,"href":"https:\/\/elpajaritonews.com\/index.php?rest_route=%2Fwp%2Fv2%2Fcategories&post=67127"},{"taxonomy":"post_tag","embeddable":true,"href":"https:\/\/elpajaritonews.com\/index.php?rest_route=%2Fwp%2Fv2%2Ftags&post=67127"}],"curies":[{"name":"wp","href":"https:\/\/api.w.org\/{rel}","templated":true}]}}