{"id":67145,"date":"2025-08-20T21:18:23","date_gmt":"2025-08-21T04:18:23","guid":{"rendered":"https:\/\/elpajaritonews.com\/?p=67145"},"modified":"2025-08-20T21:18:26","modified_gmt":"2025-08-21T04:18:26","slug":"encabeza-sonora-lista-por-perdida-de-la-vida-gracias-a-las-temperaturas-extremas-con-20-victimas","status":"publish","type":"post","link":"https:\/\/elpajaritonews.com\/?p=67145","title":{"rendered":"ENCABEZA SONORA LISTA POR PERDIDA DE LA VIDA GRACIAS A LAS TEMPERATURAS EXTREMAS CON 20 V\u00cdCTIMAS"},"content":{"rendered":"\n<p class=\"wp-block-paragraph\"><a><\/a>Recomiendan a la poblaci\u00f3n a extremar precauciones, evitar la exposici\u00f3n prolongada al sol, hidratarse de manera constante y vigilar especialmente a ni\u00f1os, adultos mayores y personas con enfermedades cr\u00f3nicas, quienes representan los sectores m\u00e1s vulnerables a los golpes de calor.<\/p>\n\n\n\n<p class=\"wp-block-paragraph\">Sonora se coloc\u00f3 como la entidad con mayor n\u00famero de muertes a causa de las temperaturas extremas en el pa\u00eds, al registrar 20 defunciones y 244 casos asociados al calor en lo que va de la temporada de verano, de acuerdo con datos de la Secretar\u00eda de Salud estatal. En promedio, Sonora registra dos muertes por semana derivadas de la exposici\u00f3n a las altas temperaturas, concentradas principalmente en Hermosillo, Caborca y San Luis R\u00edo Colorado.<\/p>\n\n\n\n<p class=\"wp-block-paragraph\">Seg\u00fan el Informe Semanal de Da\u00f1os a la Salud por Temperaturas Naturales Extremas, la tendencia se mantuvo con v\u00edctimas fatales cada semana: dos en la SE24, tres en la SE25 y nuevamente dos en la SE26. Durante las semanas 27 y 28, se documentaron dos muertes en cada periodo, seguidas de una defunci\u00f3n en la SE29. En las semanas 30 y 31, comprendidas del 20 de julio al 2 de agosto, se registraron otras cuatro muertes, dos por semana.<\/p>\n\n\n\n<p class=\"wp-block-paragraph\">La Secretar\u00eda de Salud precis\u00f3 que, en comparaci\u00f3n con el mismo periodo del a\u00f1o pasado, la incidencia de casos y fallecimientos ha sido menor. En 2024, para la misma semana epidemiol\u00f3gica, Sonora contabilizaba 313 casos y 25 defunciones. Al cierre de la temporada de calor pasada, la cifra ascendi\u00f3 a 399 casos y 52 muertes.<\/p>\n\n\n\n<p class=\"wp-block-paragraph\">Las autoridades de salud advirtieron que, aunque este a\u00f1o los registros son inferiores respecto a 2024, el estado contin\u00faa encabezando la lista nacional en muertes por calor, situaci\u00f3n que mantiene en alerta a las unidades m\u00e9dicas y de urgencias, principalmente en los municipios con mayor incidencia de temperaturas extremas.<\/p>\n\n\n\n<p class=\"wp-block-paragraph\">La dependencia estatal reiter\u00f3 su llamado a la poblaci\u00f3n a extremar precauciones, evitar la exposici\u00f3n prolongada al sol, hidratarse de manera constante y vigilar especialmente a ni\u00f1os, adultos mayores y personas con enfermedades cr\u00f3nicas, quienes representan los sectores m\u00e1s vulnerables a los golpes de calor.<\/p>\n","protected":false},"excerpt":{"rendered":"<p>Recomiendan a la poblaci\u00f3n a extremar precauciones, evitar la exposici\u00f3n prolongada al sol, hidratarse de manera constante y vigilar especialmente a ni\u00f1os, adultos mayores y personas con enfermedades cr\u00f3nicas, quienes representan los sectores m\u00e1s vulnerables a los golpes de calor. Sonora se coloc\u00f3 como la entidad con mayor n\u00famero de muertes a causa de las&#8230;<\/p>\n","protected":false},"author":2,"featured_media":67146,"comment_status":"closed","ping_status":"closed","sticky":false,"template":"","format":"standard","meta":{"_crdt_document":"","_exactmetrics_skip_tracking":false,"_exactmetrics_sitenote_active":false,"_exactmetrics_sitenote_note":"","_exactmetrics_sitenote_category":0,"footnotes":""},"categories":[17,80,89,26,37,31,32,1,27,69],"tags":[71,74,75,30],"class_list":["post-67145","post","type-post","status-publish","format-standard","has-post-thumbnail","hentry","category-arizona","category-derechos-humanos","category-estados-unidos","category-local","category-medio-ambiente","category-politica","category-salud","category-seguridad","category-sonora","category-ultimas-noticias","tag-alfonso-durazo","tag-hermosillo","tag-seguridad-publica","tag-sonora-tierra-de-oportunidades"],"_links":{"self":[{"href":"https:\/\/elpajaritonews.com\/index.php?rest_route=\/wp\/v2\/posts\/67145","targetHints":{"allow":["GET"]}}],"collection":[{"href":"https:\/\/elpajaritonews.com\/index.php?rest_route=\/wp\/v2\/posts"}],"about":[{"href":"https:\/\/elpajaritonews.com\/index.php?rest_route=\/wp\/v2\/types\/post"}],"author":[{"embeddable":true,"href":"https:\/\/elpajaritonews.com\/index.php?rest_route=\/wp\/v2\/users\/2"}],"replies":[{"embeddable":true,"href":"https:\/\/elpajaritonews.com\/index.php?rest_route=%2Fwp%2Fv2%2Fcomments&post=67145"}],"version-history":[{"count":1,"href":"https:\/\/elpajaritonews.com\/index.php?rest_route=\/wp\/v2\/posts\/67145\/revisions"}],"predecessor-version":[{"id":67147,"href":"https:\/\/elpajaritonews.com\/index.php?rest_route=\/wp\/v2\/posts\/67145\/revisions\/67147"}],"wp:featuredmedia":[{"embeddable":true,"href":"https:\/\/elpajaritonews.com\/index.php?rest_route=\/wp\/v2\/media\/67146"}],"wp:attachment":[{"href":"https:\/\/elpajaritonews.com\/index.php?rest_route=%2Fwp%2Fv2%2Fmedia&parent=67145"}],"wp:term":[{"taxonomy":"category","embeddable":true,"href":"https:\/\/elpajaritonews.com\/index.php?rest_route=%2Fwp%2Fv2%2Fcategories&post=67145"},{"taxonomy":"post_tag","embeddable":true,"href":"https:\/\/elpajaritonews.com\/index.php?rest_route=%2Fwp%2Fv2%2Ftags&post=67145"}],"curies":[{"name":"wp","href":"https:\/\/api.w.org\/{rel}","templated":true}]}}