{"id":67148,"date":"2025-08-21T00:05:37","date_gmt":"2025-08-21T07:05:37","guid":{"rendered":"https:\/\/elpajaritonews.com\/?p=67148"},"modified":"2025-08-21T00:05:40","modified_gmt":"2025-08-21T07:05:40","slug":"murio-el-juez-frank-caprio-considerado-el-juez-mas-amable-del-mundo","status":"publish","type":"post","link":"https:\/\/elpajaritonews.com\/?p=67148","title":{"rendered":"MURI\u00d3 EL JUEZ FRANK CAPRIO, CONSIDERADO EL JUEZ M\u00c1S AMABLE DEL MUNDO"},"content":{"rendered":"\n<p class=\"wp-block-paragraph\">El juez conocido por su participaci\u00f3n en el programa \u201cCaught in Providence\u201d falleci\u00f3 a los 88 a\u00f1os<\/p>\n\n\n\n<p class=\"wp-block-paragraph\">Frank Caprio, juez de la Corte Municipal de Providence y conocido internacionalmente por el programa Caught in Providence, falleci\u00f3 a los 88 a\u00f1os tras una batalla contra el c\u00e1ncer de p\u00e1ncreas. La noticia fue confirmada el mi\u00e9rcoles 20 de agosto por su hijo, Frank T. Caprio.<\/p>\n\n\n\n<p class=\"wp-block-paragraph\">Caprio, quien ejerci\u00f3 como juez desde 1985, alcanz\u00f3 notoriedad nacional e internacional gracias a su participaci\u00f3n en la televisi\u00f3n.<\/p>\n\n\n\n<p class=\"wp-block-paragraph\">Caught in Providence, transmitido durante varios a\u00f1os, mostraba los casos de infracciones menores que llegaban a su sala y fue nominado a un premio Daytime Emmy en 2021.<\/p>\n\n\n\n<p class=\"wp-block-paragraph\">Horas antes de su fallecimiento, Frank Caprio comparti\u00f3 un \u00faltimo mensaje en su cuenta de Instagram. Desde el hospital, inform\u00f3 a sus seguidores sobre un retroceso en su tratamiento oncol\u00f3gico y pidi\u00f3 nuevamente ser recordado en sus oraciones.<\/p>\n\n\n\n<figure class=\"wp-block-embed is-type-rich is-provider-twitter wp-block-embed-twitter\"><div class=\"wp-block-embed__wrapper\">\n<blockquote class=\"twitter-tweet\" data-width=\"550\" data-dnt=\"true\"><p lang=\"es\" dir=\"ltr\">\ud83d\udd4a\ufe0f El juez Frank Caprio ha partido a los 88 a\u00f1os, dejando tras de s\u00ed una huella imborrable en la manera de entender la justicia. Admirado en todo el mundo por su trato humano, su empat\u00eda con quienes comparec\u00edan ante \u00e9l.\ud83d\ude2d <a href=\"https:\/\/t.co\/NHiqGnk4LL\">pic.twitter.com\/NHiqGnk4LL<\/a><\/p>&mdash; Bmor (@bmormedellin) <a href=\"https:\/\/twitter.com\/bmormedellin\/status\/1958314310842630452?ref_src=twsrc%5Etfw\">August 20, 2025<\/a><\/blockquote><script async src=\"https:\/\/platform.twitter.com\/widgets.js\" charset=\"utf-8\"><\/script>\n<\/div><\/figure>\n\n\n\n<p class=\"wp-block-paragraph\">\u201cEl juez Caprio desea agradecer sinceramente a todos y cada uno de ustedes por sus oraciones, amor y apoyo mientras est\u00e1 en el hospital. Tu bondad y aliento significan mucho para \u00e9l. \u00c9l y su familia est\u00e1n profundamente agradecida. Por favor, mantenlo en tus pensamientos y oraciones hoy.\u201d, se\u00f1al\u00f3.<\/p>\n\n\n\n<p class=\"wp-block-paragraph\">La familia Caprio tambi\u00e9n utiliz\u00f3 esa red social para comunicar el deceso. En el mensaje se destac\u00f3 su papel como juez y su vida personal.<\/p>\n\n\n\n<p class=\"wp-block-paragraph\">\u201cSer\u00e1 recordado no solo como un respetado juez, sino tambi\u00e9n como un esposo, padre, abuelo, bisabuelo y amigo. Su legado vive en los incontables actos de bondad que inspir\u00f3\u201d, escribieron.<\/p>\n\n\n\n<p class=\"wp-block-paragraph\">\u00bfQui\u00e9n era Frank Caprio?<\/p>\n\n\n\n<p class=\"wp-block-paragraph\">Francis \u201cFrank\u201d Caprio naci\u00f3 en Providence, Rhode Island, en el barrio Federal Hill, como el segundo de tres hermanos. Durante su infancia trabaj\u00f3 en distintos oficios, desde lustrar zapatos hasta repartir peri\u00f3dicos y leche. Posteriormente se gradu\u00f3 en Central High School y obtuvo una licenciatura en Providence College.<\/p>\n\n\n\n<p class=\"wp-block-paragraph\">Inici\u00f3 su carrera laboral como profesor de Gobierno Americano en Hope High School, mientras asist\u00eda a clases nocturnas en la Facultad de Derecho de la Universidad de Suffolk en Boston.<\/p>\n\n\n\n<p class=\"wp-block-paragraph\">Con este paso comenz\u00f3 una trayectoria legal que lo llevar\u00eda d\u00e9cadas m\u00e1s tarde a convertirse en una de las figuras p\u00fablicas m\u00e1s reconocidas de Rhode Island.<\/p>\n\n\n\n<p class=\"wp-block-paragraph\">En paralelo a su labor judicial, Frank Caprio ocup\u00f3 cargos en la administraci\u00f3n educativa. Durante diez a\u00f1os presidi\u00f3 la Junta de Gobernadores de Educaci\u00f3n Superior de Rhode Island, con responsabilidad sobre la Universidad de Rhode Island, Rhode Island College y el Community College of Rhode Island.<\/p>\n\n\n\n<p class=\"wp-block-paragraph\">En enero de 2023 se retir\u00f3 de la Corte Municipal de Providence tras casi cuatro d\u00e9cadas en funciones. Ese mismo a\u00f1o, la ciudad renombr\u00f3 la sala del tribunal municipal en su honor.<\/p>\n\n\n\n<p class=\"wp-block-paragraph\">Cabe detsacar que Caprio impuls\u00f3 distintas iniciativas educativas a lo largo de su vida. En Suffolk Law fund\u00f3 el fondo de becas Antonio \u201cTup\u201d Caprio en memoria de su padre, destinado a estudiantes de Rhode Island interesados en ampliar el acceso a servicios legales en comunidades desatendidas. Becas similares fueron creadas en Providence College y en Central High School.<\/p>\n\n\n\n<p class=\"wp-block-paragraph\">Los \u00faltimos a\u00f1os de Frank Caprio<\/p>\n\n\n\n<p class=\"wp-block-paragraph\">En diciembre de 2023, poco despu\u00e9s de cumplir 87 a\u00f1os, Frank Caprio anunci\u00f3 p\u00fablicamente que hab\u00eda sido diagnosticado con c\u00e1ncer de p\u00e1ncreas. En ese momento pidi\u00f3 apoyo a trav\u00e9s de oraciones y mensajes de aliento. Su \u00faltimo tratamiento de radiaci\u00f3n concluy\u00f3 en mayo de 2024.<\/p>\n\n\n\n<p class=\"wp-block-paragraph\">El juez estaba casado con Joyce y ten\u00eda cinco hijos, siete nietos y dos bisnietos.<\/p>\n\n\n\n<p class=\"wp-block-paragraph\">A lo largo de su carrera, Caprio fue entrevistado en m\u00faltiples ocasiones acerca de su labor en la corte. En 2017, en una conversaci\u00f3n con Daily Mail, reflexion\u00f3 sobre la responsabilidad de un juez.<\/p>\n\n\n\n<p class=\"wp-block-paragraph\">\u201cSiempre tengo presente que el poder del Estado frente al del individuo es desproporcionado. Si creo que existen circunstancias especiales o un caso es muy cerrado, le doy al acusado el beneficio de la duda\u201d, expreso.<\/p>\n\n\n\n<p class=\"wp-block-paragraph\">De hecho, algunos episodios de Caught in Providence mostraron esa perspectiva, convirti\u00e9ndose en piezas virales. En 2018, por ejemplo, escuch\u00f3 el testimonio del hijo de una mujer que enfrentaba una multa y, tras consultarle, decidi\u00f3 retirar la sanci\u00f3n.<\/p>\n\n\n\n<p class=\"wp-block-paragraph\">En otro caso de 2017, una madre que hab\u00eda perdido a su hijo v\u00edctima de un crimen relat\u00f3 su situaci\u00f3n frente a varias multas de estacionamiento, que fueron finalmente eliminadas.<\/p>\n","protected":false},"excerpt":{"rendered":"<p>El juez conocido por su participaci\u00f3n en el programa \u201cCaught in Providence\u201d falleci\u00f3 a los 88 a\u00f1os Frank Caprio, juez de la Corte Municipal de Providence y conocido internacionalmente por el programa Caught in Providence, falleci\u00f3 a los 88 a\u00f1os tras una batalla contra el c\u00e1ncer de p\u00e1ncreas. La noticia fue confirmada el mi\u00e9rcoles 20&#8230;<\/p>\n","protected":false},"author":2,"featured_media":67149,"comment_status":"closed","ping_status":"closed","sticky":false,"template":"","format":"standard","meta":{"_crdt_document":"","_exactmetrics_skip_tracking":false,"_exactmetrics_sitenote_active":false,"_exactmetrics_sitenote_note":"","_exactmetrics_sitenote_category":0,"footnotes":""},"categories":[17,80,89,88,82,31,1,27,69,65],"tags":[75],"class_list":["post-67148","post","type-post","status-publish","format-standard","has-post-thumbnail","hentry","category-arizona","category-derechos-humanos","category-estados-unidos","category-justicia","category-poder-judicial","category-politica","category-seguridad","category-sonora","category-ultimas-noticias","category-videos","tag-seguridad-publica"],"_links":{"self":[{"href":"https:\/\/elpajaritonews.com\/index.php?rest_route=\/wp\/v2\/posts\/67148","targetHints":{"allow":["GET"]}}],"collection":[{"href":"https:\/\/elpajaritonews.com\/index.php?rest_route=\/wp\/v2\/posts"}],"about":[{"href":"https:\/\/elpajaritonews.com\/index.php?rest_route=\/wp\/v2\/types\/post"}],"author":[{"embeddable":true,"href":"https:\/\/elpajaritonews.com\/index.php?rest_route=\/wp\/v2\/users\/2"}],"replies":[{"embeddable":true,"href":"https:\/\/elpajaritonews.com\/index.php?rest_route=%2Fwp%2Fv2%2Fcomments&post=67148"}],"version-history":[{"count":1,"href":"https:\/\/elpajaritonews.com\/index.php?rest_route=\/wp\/v2\/posts\/67148\/revisions"}],"predecessor-version":[{"id":67150,"href":"https:\/\/elpajaritonews.com\/index.php?rest_route=\/wp\/v2\/posts\/67148\/revisions\/67150"}],"wp:featuredmedia":[{"embeddable":true,"href":"https:\/\/elpajaritonews.com\/index.php?rest_route=\/wp\/v2\/media\/67149"}],"wp:attachment":[{"href":"https:\/\/elpajaritonews.com\/index.php?rest_route=%2Fwp%2Fv2%2Fmedia&parent=67148"}],"wp:term":[{"taxonomy":"category","embeddable":true,"href":"https:\/\/elpajaritonews.com\/index.php?rest_route=%2Fwp%2Fv2%2Fcategories&post=67148"},{"taxonomy":"post_tag","embeddable":true,"href":"https:\/\/elpajaritonews.com\/index.php?rest_route=%2Fwp%2Fv2%2Ftags&post=67148"}],"curies":[{"name":"wp","href":"https:\/\/api.w.org\/{rel}","templated":true}]}}