{"id":67158,"date":"2025-08-21T11:22:42","date_gmt":"2025-08-21T18:22:42","guid":{"rendered":"https:\/\/elpajaritonews.com\/?p=67158"},"modified":"2025-08-21T11:22:45","modified_gmt":"2025-08-21T18:22:45","slug":"gobierno-de-sonora-impulsa-programa-integral-desde-la-comunidad-para-prevenir-y-atender-la-violencia-familiar","status":"publish","type":"post","link":"https:\/\/elpajaritonews.com\/?p=67158","title":{"rendered":"GOBIERNO DE SONORA IMPULSA PROGRAMA INTEGRAL \u201cDESDE LA COMUNIDAD\u201d PARA PREVENIR Y ATENDER LA VIOLENCIA FAMILIAR"},"content":{"rendered":"\n<p class=\"wp-block-paragraph\">Con el objetivo de prevenir y atender la violencia familiar en Sonora, con una intervenci\u00f3n multifactorial y sectorial desde territorio, el Gobierno de Sonora lanz\u00f3 el programa integral \u201cDesde la comunidad\u201d.<\/p>\n\n\n\n<p class=\"wp-block-paragraph\">Con este programa se refrenda el compromiso del gobierno de Alfonso Durazo por fortalecer la agenda de las mujeres, con el cual se impulsar\u00e1n acciones p\u00fablicas y un trabajo conjunto entre gobierno y sociedad para reducir la incidencia de la violencia familiar y sus efectos, haciendo \u00e9nfasis en la prevenci\u00f3n y atenci\u00f3n inmediata.<\/p>\n\n\n\n<p class=\"wp-block-paragraph\">La secretaria de las Mujeres, Sheila Hern\u00e1ndez Alcaraz, inform\u00f3 que el trabajo se realizar\u00e1 principalmente desde el territorio, acudiendo a diversos espacios como colonias con altos \u00edndices de violencia familiar, centros de trabajo como maquilas, instituciones educativas de todos los niveles, as\u00ed como refugios y centros de atenci\u00f3n a v\u00edctimas.<\/p>\n\n\n\n<p class=\"wp-block-paragraph\">En el tema de prevenci\u00f3n se contemplan acciones como campa\u00f1as integrales e intensivas en medios de comunicaci\u00f3n, enfocadas a prevenir la violencia, segmentadas por edades y por g\u00e9nero; campa\u00f1as de perifoneo en comunidades con dif\u00edcil acceso a tecnolog\u00edas e internet; difusi\u00f3n de videoc\u00e1psulas dirigidas a infancias; formaci\u00f3n en prevenci\u00f3n de la violencia; y seguimiento a las medidas cautelares en coordinaci\u00f3n con las instancias competentes.<\/p>\n\n\n\n<p class=\"wp-block-paragraph\">Adem\u00e1s, adelant\u00f3 que pr\u00f3ximamente iniciar\u00e1n las Brigadas Violeta, que son jornadas integrales con servicios exclusivos para mujeres (salud, asesor\u00edas legales, atenciones psicol\u00f3gicas, apoyos de becas a jefas de familia, despensas, bolsa de trabajo, cr\u00e9ditos para el autoempleo, capacitaciones para el trabajo, talleres de sensibilizaci\u00f3n y visibilizaci\u00f3n de la violencia familiar y de g\u00e9nero, entre otros); as\u00ed como atenciones especializadas para ni\u00f1as, ni\u00f1os y adolescentes.<\/p>\n\n\n\n<p class=\"wp-block-paragraph\">Estas estrategias responden directamente a medidas del resolutivo de la Declaratoria de Alerta de Violencia de G\u00e9nero, que estipula 31 medidas las que el Gobierno de Sonora debe dar seguimiento.<\/p>\n","protected":false},"excerpt":{"rendered":"<p>Con el objetivo de prevenir y atender la violencia familiar en Sonora, con una intervenci\u00f3n multifactorial y sectorial desde territorio, el Gobierno de Sonora lanz\u00f3 el programa integral \u201cDesde la comunidad\u201d. Con este programa se refrenda el compromiso del gobierno de Alfonso Durazo por fortalecer la agenda de las mujeres, con el cual se impulsar\u00e1n&#8230;<\/p>\n","protected":false},"author":2,"featured_media":67159,"comment_status":"closed","ping_status":"closed","sticky":false,"template":"","format":"standard","meta":{"_crdt_document":"","_exactmetrics_skip_tracking":false,"_exactmetrics_sitenote_active":false,"_exactmetrics_sitenote_note":"","_exactmetrics_sitenote_category":0,"footnotes":""},"categories":[80,88,31,1,27,69],"tags":[72,74,28,75,30],"class_list":["post-67158","post","type-post","status-publish","format-standard","has-post-thumbnail","hentry","category-derechos-humanos","category-justicia","category-politica","category-seguridad","category-sonora","category-ultimas-noticias","tag-claudia-sheinbaum","tag-hermosillo","tag-nogales","tag-seguridad-publica","tag-sonora-tierra-de-oportunidades"],"_links":{"self":[{"href":"https:\/\/elpajaritonews.com\/index.php?rest_route=\/wp\/v2\/posts\/67158","targetHints":{"allow":["GET"]}}],"collection":[{"href":"https:\/\/elpajaritonews.com\/index.php?rest_route=\/wp\/v2\/posts"}],"about":[{"href":"https:\/\/elpajaritonews.com\/index.php?rest_route=\/wp\/v2\/types\/post"}],"author":[{"embeddable":true,"href":"https:\/\/elpajaritonews.com\/index.php?rest_route=\/wp\/v2\/users\/2"}],"replies":[{"embeddable":true,"href":"https:\/\/elpajaritonews.com\/index.php?rest_route=%2Fwp%2Fv2%2Fcomments&post=67158"}],"version-history":[{"count":1,"href":"https:\/\/elpajaritonews.com\/index.php?rest_route=\/wp\/v2\/posts\/67158\/revisions"}],"predecessor-version":[{"id":67160,"href":"https:\/\/elpajaritonews.com\/index.php?rest_route=\/wp\/v2\/posts\/67158\/revisions\/67160"}],"wp:featuredmedia":[{"embeddable":true,"href":"https:\/\/elpajaritonews.com\/index.php?rest_route=\/wp\/v2\/media\/67159"}],"wp:attachment":[{"href":"https:\/\/elpajaritonews.com\/index.php?rest_route=%2Fwp%2Fv2%2Fmedia&parent=67158"}],"wp:term":[{"taxonomy":"category","embeddable":true,"href":"https:\/\/elpajaritonews.com\/index.php?rest_route=%2Fwp%2Fv2%2Fcategories&post=67158"},{"taxonomy":"post_tag","embeddable":true,"href":"https:\/\/elpajaritonews.com\/index.php?rest_route=%2Fwp%2Fv2%2Ftags&post=67158"}],"curies":[{"name":"wp","href":"https:\/\/api.w.org\/{rel}","templated":true}]}}